{"id":400,"date":"2008-05-26T10:55:26","date_gmt":"2008-05-26T09:55:26","guid":{"rendered":"http:\/\/www.cdlpv.org\/dtl\/?p=400"},"modified":"2008-05-26T10:55:26","modified_gmt":"2008-05-26T09:55:26","slug":"les-llengues-en-la-constitucio-francesa","status":"publish","type":"post","link":"https:\/\/www.cdlpv.org\/dtl\/2008\/05\/26\/les-llengues-en-la-constitucio-francesa\/","title":{"rendered":"Les lleng\u00fces en la constituci\u00f3 francesa"},"content":{"rendered":"<p>Segons informa el diari <em>El Pa\u00eds<\/em> (<a href=\"http:\/\/www.elpais.com\/articulo\/internacional\/Francia\/reconocera\/catalan\/vasco\/otras\/lenguas\/regionales\/Constitucion\/elpepiint\/20080524elpepiint_8\/Tes\" target=\"_blank\">24.05.2008<\/a> ds.):<\/p>\n<blockquote>\n<h2>Francia reconeixer\u00e0 el catal\u00e0, el basc i altres lleng\u00fces regionals en la seua constituci\u00f3<\/h2>\n<h5>J. M. MART\u00cd FONT &#8211; Par\u00eds<\/h5>\n[&#8230;]\nEn qualsevol cas, el diputat conservador Claude Goasguen va voler deixar clar que el vot a favor de l&#8217;esmena \u00abno t\u00e9 res a vore\u00bb amb la Carta europea de les lleng\u00fces regionals o minorit\u00e0ries promulgada pel Consell d&#8217;Europa en 1999 que establix mesures a favor de l&#8217;\u00fas d&#8217;estos idiomes en la vida p\u00fablica i que Fran\u00e7a mai no ha ratificat.<br \/>\n[&#8230;]\n<\/p><\/blockquote>\n<p>Com podem observar, tot i l&#8217;avan\u00e7 que pot suposar aix\u00f2 vist des de Fran\u00e7a mateix (<em>Le Figaro<\/em>, <a href=\"http:\/\/www.lefigaro.fr\/politique\/2008\/05\/22\/01002-20080522ARTFIG00595-les-langues-regionales-inscrites-dans-la-constitution.php\" target=\"_blank\">22.05.2008<\/a>):<\/p>\n<blockquote><p>\n\u00ab\u00a1Per fi les lleng\u00fces regionals seran reconegudes!\u00bb, ha exclamat tamb\u00e9 el diputat de Nouveau Centre Philipe Folliot, mentres que Marc Le Fur, un dels diputats m\u00e9s actius en la defensa de les lleng\u00fces r\u00e9gionals, s&#8217;ha alegrat d&#8217;\u00abalguna cosa positiva\u00bb. El comunista Patrick Braouezec ha assenyalat que \u00abla unitat no \u00e9s la uniformitat\u00bb.\n<\/p><\/blockquote>\n<p>En canvi, ac\u00ed ens ha de continuar preocupant que un estat que t\u00e9 un paper tan central en les decision europees estiga encara maltractant els drets i els coneixements ling\u00fc\u00edstics dels seus ciutadans.<\/p>\n<p>En eixe punt, Fran\u00e7a representa m\u00e9s aviat el passat que no s&#8217;hauria de repetir i no un futur desitjable, a pesar del que per ac\u00ed prediquen alguns partits i intel\u00b7lectuals que es repensen la seua concepci\u00f3 estatal des de par\u00e0metres <em>francesos<\/em>.<\/p>\n","protected":false},"excerpt":{"rendered":"<p>Segons informa el diari El Pa\u00eds (24.05.2008 ds.): Francia reconeixer\u00e0 el catal\u00e0, el basc i altres lleng\u00fces regionals en la seua constituci\u00f3 J. M. MART\u00cd FONT &#8211; Par\u00eds [&#8230;] En qualsevol cas, el diputat conservador Claude Goasguen va voler deixar clar que el vot a favor de l&#8217;esmena \u00abno t\u00e9 res a vore\u00bb amb la [&hellip;]<\/p>\n","protected":false},"author":2,"featured_media":0,"comment_status":"open","ping_status":"open","sticky":false,"template":"","format":"standard","meta":{"footnotes":""},"categories":[4,1,19,24],"tags":[213],"class_list":["post-400","post","type-post","status-publish","format-standard","hentry","category-dret","category-general","category-politica","category-requisit-linguistic","tag-franca"],"_links":{"self":[{"href":"https:\/\/www.cdlpv.org\/dtl\/wp-json\/wp\/v2\/posts\/400","targetHints":{"allow":["GET"]}}],"collection":[{"href":"https:\/\/www.cdlpv.org\/dtl\/wp-json\/wp\/v2\/posts"}],"about":[{"href":"https:\/\/www.cdlpv.org\/dtl\/wp-json\/wp\/v2\/types\/post"}],"author":[{"embeddable":true,"href":"https:\/\/www.cdlpv.org\/dtl\/wp-json\/wp\/v2\/users\/2"}],"replies":[{"embeddable":true,"href":"https:\/\/www.cdlpv.org\/dtl\/wp-json\/wp\/v2\/comments?post=400"}],"version-history":[{"count":0,"href":"https:\/\/www.cdlpv.org\/dtl\/wp-json\/wp\/v2\/posts\/400\/revisions"}],"wp:attachment":[{"href":"https:\/\/www.cdlpv.org\/dtl\/wp-json\/wp\/v2\/media?parent=400"}],"wp:term":[{"taxonomy":"category","embeddable":true,"href":"https:\/\/www.cdlpv.org\/dtl\/wp-json\/wp\/v2\/categories?post=400"},{"taxonomy":"post_tag","embeddable":true,"href":"https:\/\/www.cdlpv.org\/dtl\/wp-json\/wp\/v2\/tags?post=400"}],"curies":[{"name":"wp","href":"https:\/\/api.w.org\/{rel}","templated":true}]}}