{"id":399,"date":"2008-05-23T13:21:29","date_gmt":"2008-05-23T12:21:29","guid":{"rendered":"http:\/\/www.cdlpv.org\/dtl\/?p=399"},"modified":"2008-05-23T13:21:29","modified_gmt":"2008-05-23T12:21:29","slug":"marius-serra-entrevista-juan-carlos-moreno-cabrera","status":"publish","type":"post","link":"https:\/\/www.cdlpv.org\/dtl\/2008\/05\/23\/marius-serra-entrevista-juan-carlos-moreno-cabrera\/","title":{"rendered":"M\u00e0rius Serra entrevista Juan Carlos Moreno Cabrera"},"content":{"rendered":"<p><a href=\"http:\/\/www.linguamon.cat\/\" target=\"_blank\">Linguam\u00f3n<\/a> ens envia la informaci\u00f3 seg\u00fcent:<\/p>\n<blockquote><p>\nUs enviem la informaci\u00f3 de l\u2019acte que celebrarem a l\u2019envelat de l\u2019exposici\u00f3 \u00abLa Mar de Lleng\u00fces. Parlar a la Mediterr\u00e0nia\u00bb (pla\u00e7a de la Universitat de Barcelona) on M\u00e0rius Serra entrevista Juan Carlos Moreno, autor del llibre <em>El nacionalismo ling\u00fc\u00edstico. Una ideolog\u00eda destructiva<\/em> que esperem que sigui del vostre inter\u00e8s.<\/p>\n<p>Us agrairem que feu arribar aquesta invitaci\u00f3 <a href=\"http:\/\/www10.gencat.cat\/casa_llengues\/binaris\/NacLing_JCM260508_marlleng_tcm302-75758.pdf\" target=\"_blank\"><span class=\"versaleta\"><em>[pdf]<\/em><\/span><\/a> a totes les persones que us sembli que hi poden estar interessades.\n<\/p><\/blockquote>\n","protected":false},"excerpt":{"rendered":"<p>Linguam\u00f3n ens envia la informaci\u00f3 seg\u00fcent: Us enviem la informaci\u00f3 de l\u2019acte que celebrarem a l\u2019envelat de l\u2019exposici\u00f3 \u00abLa Mar de Lleng\u00fces. Parlar a la Mediterr\u00e0nia\u00bb (pla\u00e7a de la Universitat de Barcelona) on M\u00e0rius Serra entrevista Juan Carlos Moreno, autor del llibre El nacionalismo ling\u00fc\u00edstico. Una ideolog\u00eda destructiva que esperem que sigui del vostre inter\u00e8s. [&hellip;]<\/p>\n","protected":false},"author":2,"featured_media":0,"comment_status":"open","ping_status":"open","sticky":false,"template":"","format":"standard","meta":{"footnotes":""},"categories":[36,2,1],"tags":[],"class_list":["post-399","post","type-post","status-publish","format-standard","hentry","category-allofobia","category-comunicacio","category-general"],"_links":{"self":[{"href":"https:\/\/www.cdlpv.org\/dtl\/wp-json\/wp\/v2\/posts\/399","targetHints":{"allow":["GET"]}}],"collection":[{"href":"https:\/\/www.cdlpv.org\/dtl\/wp-json\/wp\/v2\/posts"}],"about":[{"href":"https:\/\/www.cdlpv.org\/dtl\/wp-json\/wp\/v2\/types\/post"}],"author":[{"embeddable":true,"href":"https:\/\/www.cdlpv.org\/dtl\/wp-json\/wp\/v2\/users\/2"}],"replies":[{"embeddable":true,"href":"https:\/\/www.cdlpv.org\/dtl\/wp-json\/wp\/v2\/comments?post=399"}],"version-history":[{"count":0,"href":"https:\/\/www.cdlpv.org\/dtl\/wp-json\/wp\/v2\/posts\/399\/revisions"}],"wp:attachment":[{"href":"https:\/\/www.cdlpv.org\/dtl\/wp-json\/wp\/v2\/media?parent=399"}],"wp:term":[{"taxonomy":"category","embeddable":true,"href":"https:\/\/www.cdlpv.org\/dtl\/wp-json\/wp\/v2\/categories?post=399"},{"taxonomy":"post_tag","embeddable":true,"href":"https:\/\/www.cdlpv.org\/dtl\/wp-json\/wp\/v2\/tags?post=399"}],"curies":[{"name":"wp","href":"https:\/\/api.w.org\/{rel}","templated":true}]}}