{"id":3979,"date":"2021-02-19T12:30:46","date_gmt":"2021-02-19T11:30:46","guid":{"rendered":"http:\/\/www.cdlpv.org\/dtl\/?p=3979"},"modified":"2021-02-19T10:28:05","modified_gmt":"2021-02-19T09:28:05","slug":"revista-tsc-30-cinc-articles-sociolinguistics-sobre-el-pais-valencia","status":"publish","type":"post","link":"https:\/\/www.cdlpv.org\/dtl\/2021\/02\/19\/revista-tsc-30-cinc-articles-sociolinguistics-sobre-el-pais-valencia\/","title":{"rendered":"Revista <i>TSC<\/i>-30: cinc articles socioling\u00fc\u00edstics sobre el Pa\u00eds Valenci\u00e0"},"content":{"rendered":"<p>El n\u00famero 30 de la revista\u00a0<em>Treballs de Socioling\u00fc\u00edstica Catalana <\/em><span class=\"versaleta\"><a href=\"https:\/\/issuu.com\/institut-destudis-catalans\/docs\/tsc_30_issuu\" target=\"_blank\" rel=\"nofollow noopener\">[issuu]<\/a><\/span>, com \u00e9s habitual, oferix treballs que aporten dades a les nostres percepcions sobre la situaci\u00f3 de l&#8217;\u00fas del valenci\u00e0. Destaquem de l&#8217;\u00edndex de la revista els treballs directament relacionats amb el Pa\u00eds Valenci\u00e0:<\/p>\n<ul>\n<li style=\"list-style-type: none;\">\n<ul>\n<li><strong>Si preferiu tindre els cinc articles en un document:<\/strong> <a href=\"http:\/\/www.cdlpv.org\/dtl\/wp-content\/uploads\/2021\/02\/TSC-30-2020-Articles-PV-DTL.pdf\" target=\"_blank\" rel=\"nofollow noopener\"><i class=\"fas fa-file-pdf\"><\/i><\/a><\/li>\n<\/ul>\n<\/li>\n<li><a href=\"http:\/\/revistes.iec.cat\/index.php\/TSC\/article\/view\/145507\/pdf_1662\" target=\"_blank\" rel=\"nofollow noopener\"><i class=\"fas fa-file-pdf\"><\/i><\/a> M.-Bego\u00f1a G\u00f3mez-Dev\u00eds, Jos\u00e9 M. Buz\u00f3n: \u00abLleng\u00fces, j\u00f3vens i universitat: actituds ling\u00fc\u00edstiques a Val\u00e8ncia ciutat i l\u2019\u00e0rea metropolitana\u00bb<\/li>\n<li><a href=\"http:\/\/revistes.iec.cat\/index.php\/TSC\/article\/view\/145513\/pdf_1666\" target=\"_blank\" rel=\"nofollow noopener\"><i class=\"fas fa-file-pdf\"><\/i><\/a> Ave\u0140l\u00ed Flors-Mas: \u00ab&#8221;No \u00e9s que no m\u2019agrade el valenci\u00e0, \u00e9s que no es pot usar&#8221;: pr\u00e0ctiques i ideologies ling\u00fc\u00edstiques entre adolescents castellonencs d\u2019origen immigrant\u00bb<\/li>\n<li><a href=\"http:\/\/revistes.iec.cat\/index.php\/TSC\/article\/view\/145514\/pdf_1667\" target=\"_blank\" rel=\"nofollow noopener\"><i class=\"fas fa-file-pdf\"><\/i><\/a> Raquel Casesnoves-Ferrer, Josep \u00c0. Mas: \u00abL\u2019atracci\u00f3 dels valencians cap al valenci\u00e0: motius i abast del canvi de llengua en dues ciutats mitjanes\u00bb<\/li>\n<li><a href=\"http:\/\/revistes.iec.cat\/index.php\/TSC\/article\/view\/144965\/pdf_1670\" target=\"_blank\" rel=\"nofollow noopener\"><i class=\"fas fa-file-pdf\"><\/i><\/a> Francesc J. Hern\u00e0ndez i Dobon: \u00abLa relaci\u00f3 entre compet\u00e8ncia (oral activa) i \u00fas (p\u00fablic): un model matem\u00e0tic\u00bb<\/li>\n<li><a href=\"http:\/\/revistes.iec.cat\/index.php\/TSC\/article\/view\/145067\/pdf_1671\" target=\"_blank\" rel=\"nofollow noopener\"><i class=\"fas fa-file-pdf\"><\/i><\/a> Al\u00edcia Mart\u00ed Climent, Pilar Garcia Vidal: \u00abAutobiografies ling\u00fc\u00edstiques de l\u2019alumnat de secund\u00e0ria: una visi\u00f3 de l\u2019aprenentatge de lleng\u00fces en el sistema educatiu valenci\u00e0\u00bb<\/li>\n<\/ul>\n","protected":false},"excerpt":{"rendered":"<p>El n\u00famero 30 de la revista\u00a0Treballs de Socioling\u00fc\u00edstica Catalana [issuu], com \u00e9s habitual, oferix treballs que aporten dades a les nostres percepcions sobre la situaci\u00f3 de l&#8217;\u00fas del valenci\u00e0. Destaquem de l&#8217;\u00edndex de la revista els treballs directament relacionats amb el Pa\u00eds Valenci\u00e0: Si preferiu tindre els cinc articles en un document: M.-Bego\u00f1a G\u00f3mez-Dev\u00eds, Jos\u00e9 [&hellip;]<\/p>\n","protected":false},"author":56,"featured_media":0,"comment_status":"open","ping_status":"open","sticky":false,"template":"","format":"standard","meta":{"footnotes":""},"categories":[3,22,27],"tags":[417],"class_list":["post-3979","post","type-post","status-publish","format-standard","hentry","category-documentacio","category-recerca","category-sociolinguistica","tag-revistes"],"_links":{"self":[{"href":"https:\/\/www.cdlpv.org\/dtl\/wp-json\/wp\/v2\/posts\/3979","targetHints":{"allow":["GET"]}}],"collection":[{"href":"https:\/\/www.cdlpv.org\/dtl\/wp-json\/wp\/v2\/posts"}],"about":[{"href":"https:\/\/www.cdlpv.org\/dtl\/wp-json\/wp\/v2\/types\/post"}],"author":[{"embeddable":true,"href":"https:\/\/www.cdlpv.org\/dtl\/wp-json\/wp\/v2\/users\/56"}],"replies":[{"embeddable":true,"href":"https:\/\/www.cdlpv.org\/dtl\/wp-json\/wp\/v2\/comments?post=3979"}],"version-history":[{"count":25,"href":"https:\/\/www.cdlpv.org\/dtl\/wp-json\/wp\/v2\/posts\/3979\/revisions"}],"predecessor-version":[{"id":4005,"href":"https:\/\/www.cdlpv.org\/dtl\/wp-json\/wp\/v2\/posts\/3979\/revisions\/4005"}],"wp:attachment":[{"href":"https:\/\/www.cdlpv.org\/dtl\/wp-json\/wp\/v2\/media?parent=3979"}],"wp:term":[{"taxonomy":"category","embeddable":true,"href":"https:\/\/www.cdlpv.org\/dtl\/wp-json\/wp\/v2\/categories?post=3979"},{"taxonomy":"post_tag","embeddable":true,"href":"https:\/\/www.cdlpv.org\/dtl\/wp-json\/wp\/v2\/tags?post=3979"}],"curies":[{"name":"wp","href":"https:\/\/api.w.org\/{rel}","templated":true}]}}