{"id":397,"date":"2008-05-21T07:58:47","date_gmt":"2008-05-21T06:58:47","guid":{"rendered":"http:\/\/www.cdlpv.org\/dtl\/?p=397"},"modified":"2008-05-21T07:58:47","modified_gmt":"2008-05-21T06:58:47","slug":"oposicions-i-proves-de-coneixement-dels-idiomes-oficials","status":"publish","type":"post","link":"https:\/\/www.cdlpv.org\/dtl\/2008\/05\/21\/oposicions-i-proves-de-coneixement-dels-idiomes-oficials\/","title":{"rendered":"Oposicions i proves de coneixement dels idiomes oficials"},"content":{"rendered":"<p>El <span class=\"versaleta\">cidaj<\/span> ens env\u00eda la informaci\u00f3 seg\u00fcent:<\/p>\n<blockquote>\n<ul>\n<li>RESOLUCI\u00d3 de 16 de maig de 2008, del director general de Personal, de la Conselleria d&#8217;Educaci\u00f3, per la qual es declaren aprovades les llistes provisionals d&#8217;admesos i exclosos per a participar en els procediments selectius d&#8217;ingr\u00e9s, accessos i adquisici\u00f3 de noves especialitats en els cossos docents de professors d&#8217;Ensenyament Secundari, professors d&#8217;Escoles Oficials d&#8217;Idiomes, professors de M\u00fasica i Arts Esc\u00e8niques i professors t\u00e8cnics de Formaci\u00f3 Professional, convocats per Orde de 15 d&#8217;abril de 2008, de la Conselleria d&#8217;Educaci\u00f3, i per la qual es convoca els aspirants declarats no exempts a la realitzaci\u00f3 de la prova de coneixements dels idiomes oficials de la Comunitat Valenciana i a la prova d&#8217;espanyol per a estrangers. [2008\/6223] (<span class=\"versaleta\"><em>docv<\/em><\/span> n\u00fam. 5.766, de 20.05.2008)<br \/>\n<a href=\"http:\/\/www.pre.gva.es\/L\/BASIS\/BDLGVPU\/WEB\/LEV_LISTADOS_TEXTO\/DDW?W=SIGNATURA_N=6184+AND+SIGNATURA_A=2008&#038;R=N\" target=\"_blank\">&#8211; vegeu text<\/a>\n<\/li>\n<\/ul>\n<\/blockquote>\n<p>Observem que hi ha \u00abespanyol per a estrangers\u00bb: \u00bfespanyol? Oficialment, castell\u00e0; acad\u00e8micament, espanyol, pel que sembla. Tot ben normal, dir\u00edem. Excepte en el detall que encara no hi haja \u00abcatal\u00e0 per a estrangers\u00bb.<\/p>\n","protected":false},"excerpt":{"rendered":"<p>El cidaj ens env\u00eda la informaci\u00f3 seg\u00fcent: RESOLUCI\u00d3 de 16 de maig de 2008, del director general de Personal, de la Conselleria d&#8217;Educaci\u00f3, per la qual es declaren aprovades les llistes provisionals d&#8217;admesos i exclosos per a participar en els procediments selectius d&#8217;ingr\u00e9s, accessos i adquisici\u00f3 de noves especialitats en els cossos docents de professors [&hellip;]<\/p>\n","protected":false},"author":2,"featured_media":0,"comment_status":"open","ping_status":"open","sticky":false,"template":"","format":"standard","meta":{"footnotes":""},"categories":[36,45,1,18,24],"tags":[185],"class_list":["post-397","post","type-post","status-publish","format-standard","hentry","category-allofobia","category-ensenyament","category-general","category-oposicions","category-requisit-linguistic","tag-espanyol"],"_links":{"self":[{"href":"https:\/\/www.cdlpv.org\/dtl\/wp-json\/wp\/v2\/posts\/397","targetHints":{"allow":["GET"]}}],"collection":[{"href":"https:\/\/www.cdlpv.org\/dtl\/wp-json\/wp\/v2\/posts"}],"about":[{"href":"https:\/\/www.cdlpv.org\/dtl\/wp-json\/wp\/v2\/types\/post"}],"author":[{"embeddable":true,"href":"https:\/\/www.cdlpv.org\/dtl\/wp-json\/wp\/v2\/users\/2"}],"replies":[{"embeddable":true,"href":"https:\/\/www.cdlpv.org\/dtl\/wp-json\/wp\/v2\/comments?post=397"}],"version-history":[{"count":0,"href":"https:\/\/www.cdlpv.org\/dtl\/wp-json\/wp\/v2\/posts\/397\/revisions"}],"wp:attachment":[{"href":"https:\/\/www.cdlpv.org\/dtl\/wp-json\/wp\/v2\/media?parent=397"}],"wp:term":[{"taxonomy":"category","embeddable":true,"href":"https:\/\/www.cdlpv.org\/dtl\/wp-json\/wp\/v2\/categories?post=397"},{"taxonomy":"post_tag","embeddable":true,"href":"https:\/\/www.cdlpv.org\/dtl\/wp-json\/wp\/v2\/tags?post=397"}],"curies":[{"name":"wp","href":"https:\/\/api.w.org\/{rel}","templated":true}]}}