{"id":3962,"date":"2021-01-27T21:30:54","date_gmt":"2021-01-27T20:30:54","guid":{"rendered":"http:\/\/www.cdlpv.org\/dtl\/?p=3962"},"modified":"2021-02-18T10:34:28","modified_gmt":"2021-02-18T09:34:28","slug":"la-premsa-valenciana-actual","status":"publish","type":"post","link":"https:\/\/www.cdlpv.org\/dtl\/2021\/01\/27\/la-premsa-valenciana-actual\/","title":{"rendered":"La premsa valenciana actual"},"content":{"rendered":"<p>A remolc de les experi\u00e8ncies passades i presents m\u00e9s o menys consolidades de la resta de l&#8217;\u00e0mbit ling\u00fc\u00edstic, el repertori de la premsa en l\u00ednia en valenci\u00e0 va sostenint-se t\u00edmidament amb iniciatives i perspectives diverses. A partir dels mitjans arreplegats en la Viquip\u00e8dia (consulta: <a href=\"https:\/\/ca.wikipedia.org\/wiki\/Llista_de_premsa_en_catal%C3%A0\" target=\"_blank\" rel=\"noopener\">27.01.2021<\/a>), podem confeccionar la llista seg\u00fcent de mitjans escrits en valenci\u00e0 (que no \u00e9s tancada i que podrem anar ampliant):<\/p>\n<ul>\n<li><a href=\"https:\/\/comarquesnord.cat\/\" target=\"_blank\" rel=\"noopener\"><em>Comarquesnord<\/em><\/a><em>:<\/em> informaci\u00f3 de les comarques dels Ports, el Maestrat i el Matarranya.<\/li>\n<li><em><a href=\"https:\/\/diariserpis.com\/\" target=\"_blank\" rel=\"noopener\">Diari Serpis<\/a>:<\/em> informaci\u00f3 de la comarca de la Safor.<\/li>\n<li><em><a href=\"https:\/\/www.lesmuntanyes.com\/?x=0&amp;y=0&amp;s=Miquel+Iceta\" target=\"_blank\" rel=\"noopener\">Les Muntanyes<\/a>:<\/em> informaci\u00f3 de la comarca de l&#8217;Alcoi\u00e0 i de les comarques centrals valencianes.<\/li>\n<li><em><a href=\"https:\/\/www.nosaltreslaveu.cat\/\" target=\"_blank\" rel=\"noopener\">Nosaltres La Veu<\/a>:<\/em> reflexi\u00f3 i activisme del Pa\u00eds Valenci\u00e0 sobre cultura, llengua, territori i societat.<\/li>\n<li><a href=\"https:\/\/valenciadiari.com\/\" target=\"_blank\" rel=\"noopener\"><em>Val\u00e8ncia Diari<\/em><\/a><em>:<\/em> informaci\u00f3 general.<\/li>\n<li><em><a href=\"http:\/\/www.vila-realinformacio.com\/\" target=\"_blank\" rel=\"noopener\">Vila-real Informaci\u00f3<\/a>:<\/em> informaci\u00f3 de Vila-real i de la comarca de la Plana.<\/li>\n<li><a href=\"https:\/\/www.vilaweb.cat\/\" target=\"_blank\" rel=\"noopener\"><em>Vilaweb<\/em><\/a>: informaci\u00f3 general amb edicions de <a href=\"https:\/\/castello.vilaweb.cat\/\" target=\"_blank\" rel=\"noopener\">Castell\u00f3 de la Plana<\/a> i <a href=\"https:\/\/ontinyent.vilaweb.cat\/\" target=\"_blank\" rel=\"noopener\">Ontinyent<\/a>.<\/li>\n<\/ul>\n<p>A m\u00e9s hi ha mitjans menys professionalitzats d&#8217;inter\u00e9s local que tamb\u00e9 s\u00f3n refer\u00e8ncies importants per la const\u00e0ncia en l&#8217;activitat (com ara <em><a href=\"https:\/\/lacotorradelavall.blogspot.com\/\" target=\"_blank\" rel=\"noopener\">La Cotorra de la Vall<\/a>\u00a0<\/em>i altres). Hi ha altres mitjans valencians que presenten una versi\u00f3 en valenci\u00e0, per\u00f2 sol ser una versi\u00f3 elaborada per un programa de traducci\u00f3 autom\u00e0tica, com ara <em>ElDiario.es (CV), <\/em><em>Levante-<span class=\"versaleta\">emv<\/span>, Superdeporte&#8230;<\/em><\/p>\n","protected":false},"excerpt":{"rendered":"<p>A remolc de les experi\u00e8ncies passades i presents m\u00e9s o menys consolidades de la resta de l&#8217;\u00e0mbit ling\u00fc\u00edstic, el repertori de la premsa en l\u00ednia en valenci\u00e0 va sostenint-se t\u00edmidament amb iniciatives i perspectives diverses. A partir dels mitjans arreplegats en la Viquip\u00e8dia (consulta: 27.01.2021), podem confeccionar la llista seg\u00fcent de mitjans escrits en valenci\u00e0 [&hellip;]<\/p>\n","protected":false},"author":56,"featured_media":0,"comment_status":"open","ping_status":"open","sticky":false,"template":"","format":"standard","meta":{"footnotes":""},"categories":[2,7],"tags":[312,381],"class_list":["post-3962","post","type-post","status-publish","format-standard","hentry","category-comunicacio","category-empreses","tag-mitjans","tag-premsa"],"_links":{"self":[{"href":"https:\/\/www.cdlpv.org\/dtl\/wp-json\/wp\/v2\/posts\/3962","targetHints":{"allow":["GET"]}}],"collection":[{"href":"https:\/\/www.cdlpv.org\/dtl\/wp-json\/wp\/v2\/posts"}],"about":[{"href":"https:\/\/www.cdlpv.org\/dtl\/wp-json\/wp\/v2\/types\/post"}],"author":[{"embeddable":true,"href":"https:\/\/www.cdlpv.org\/dtl\/wp-json\/wp\/v2\/users\/56"}],"replies":[{"embeddable":true,"href":"https:\/\/www.cdlpv.org\/dtl\/wp-json\/wp\/v2\/comments?post=3962"}],"version-history":[{"count":14,"href":"https:\/\/www.cdlpv.org\/dtl\/wp-json\/wp\/v2\/posts\/3962\/revisions"}],"predecessor-version":[{"id":3978,"href":"https:\/\/www.cdlpv.org\/dtl\/wp-json\/wp\/v2\/posts\/3962\/revisions\/3978"}],"wp:attachment":[{"href":"https:\/\/www.cdlpv.org\/dtl\/wp-json\/wp\/v2\/media?parent=3962"}],"wp:term":[{"taxonomy":"category","embeddable":true,"href":"https:\/\/www.cdlpv.org\/dtl\/wp-json\/wp\/v2\/categories?post=3962"},{"taxonomy":"post_tag","embeddable":true,"href":"https:\/\/www.cdlpv.org\/dtl\/wp-json\/wp\/v2\/tags?post=3962"}],"curies":[{"name":"wp","href":"https:\/\/api.w.org\/{rel}","templated":true}]}}