{"id":393,"date":"2008-05-15T18:16:07","date_gmt":"2008-05-15T17:16:07","guid":{"rendered":"http:\/\/www.cdlpv.org\/dtl\/?p=393"},"modified":"2008-05-15T18:16:07","modified_gmt":"2008-05-15T17:16:07","slug":"ugt-i-el-requisit-linguistic-incloent","status":"publish","type":"post","link":"https:\/\/www.cdlpv.org\/dtl\/2008\/05\/15\/ugt-i-el-requisit-linguistic-incloent\/","title":{"rendered":"UGT i el requisit ling\u00fc\u00edstic incloent"},"content":{"rendered":"<p>Segons podem llegir en <em>Panorama-Actual<\/em> (<a href=\"http:\/\/www.panorama-actual.es\/noticias\/not259381.htm\" target=\"_blank\">13.05.2008<\/a>; ho hem tradu\u00eft amb l&#8217;ajuda d&#8217;Internostrum):<\/p>\n<blockquote><p>\nUGT denuncia la \u00abdiscriminaci\u00f3 ling\u00fc\u00edstica\u00bb en les places p\u00fabliques d&#8217;FGV<\/p>\n<p>La Federaci\u00f3 de Transports d&#8217;UGT a Alacant va denunciar aquest dimarts \u00abla discriminaci\u00f3 ling\u00fc\u00edstica que est\u00e0 practicant Ferrocarrils de la Generalitat Valenciana (FGV) en les \u00faltimes convocat\u00f2ries p\u00fabliques per a la cobertura de places en la prov\u00edncia d&#8217;Alacant\u00bb on sol\u00b7licita com requisit per a optar a la pla\u00e7a acreditar el coneixement del valenci\u00e0, segons van informar fonts sindicals.<\/p>\n<p>Segons UGT, \u00abels aspirants que no acrediten aquest coneixement deuen superar una prova espec\u00edfica de valenci\u00e0, de car\u00e0cter eliminatori\u00bb, que exclour\u00e0 de l&#8217;oposici\u00f3 dels aspirants que no la superen.<\/p>\n<p>Des de la Federaci\u00f3 de Transports d&#8217;UGT a Alacant \u00abes rebutgen aquestes condicions que discriminen als ciutadans per motius de llengua i vulneren el principi d&#8217;igualtat per a l&#8217;acc\u00e9s a una ocupaci\u00f3 p\u00fablica, m\u00e9s tenint en compte la realitat ling\u00fc\u00edstica en la prov\u00edncia d&#8217;Alacant, on la majoria de la poblaci\u00f3 \u00e9s castellanoparlant\u00bb.<\/p>\n<p>D&#8217;aquesta forma, el sindicat va proposar que \u00abel coneixement de la llengua valenciana siga valorat com un m\u00e8rit puntuable, per\u00f2 no com un requisit excloent\u00bb. A m\u00e9s, va recomanar que \u00abes practiquen dins de les empreses pol\u00edtiques formatives integradores dirigides als treballadors per a la promoci\u00f3 de l&#8217;\u00fas progressiu de la llengua valenciana, amb la implicaci\u00f3 de l&#8217;administraci\u00f3 valenciana i de les forces socials\u00bb.\n<\/p><\/blockquote>\n<p>Eixos <em>ugetistes<\/em> d&#8217;Alacant tenen una visi\u00f3 molt peculiar i estranya dels drets i els deures dels empleats p\u00fablics \u2014sobretot si s\u00f3n els seus afiliats\u2014. A m\u00e9s, no tenen gens de respecte pel funcionament de l&#8217;administraci\u00f3 ni pels drets ling\u00fc\u00edstics dels ciutadans. I que siga nom\u00e9s pels drets ling\u00fc\u00edstics, perqu\u00e8, ja posats, podrien demanar que no saber res no siga impediment per a aprovar les oposicions. A m\u00e9s, que no ser massa racista siga un m\u00e8rit i, qui ho siga molt, \u00a1per\u00f2 molt!, que ho deixe de ser progressivament tant \u2014\u00abamb pol\u00edtiques formatives integradores\u00bb\u2014 fent cursets per a la promoci\u00f3 del no racisme mentres cobra per discriminar els ciutadans en la seua faena.<\/p>\n<p>De fet, si enfoquen les coses al rev\u00e9s, no avan\u00e7aran massa: el coneixement de les lleng\u00fces oficials \u00e9s un <em>requisit incloent<\/em>; el que \u00e9s \u00abexcloent\u00bb \u00e9s no tindre capacitaci\u00f3 ni coneixements.<\/p>\n","protected":false},"excerpt":{"rendered":"<p>Segons podem llegir en Panorama-Actual (13.05.2008; ho hem tradu\u00eft amb l&#8217;ajuda d&#8217;Internostrum): UGT denuncia la \u00abdiscriminaci\u00f3 ling\u00fc\u00edstica\u00bb en les places p\u00fabliques d&#8217;FGV La Federaci\u00f3 de Transports d&#8217;UGT a Alacant va denunciar aquest dimarts \u00abla discriminaci\u00f3 ling\u00fc\u00edstica que est\u00e0 practicant Ferrocarrils de la Generalitat Valenciana (FGV) en les \u00faltimes convocat\u00f2ries p\u00fabliques per a la cobertura de [&hellip;]<\/p>\n","protected":false},"author":2,"featured_media":0,"comment_status":"open","ping_status":"open","sticky":false,"template":"","format":"standard","meta":{"footnotes":""},"categories":[36,4,1,15,24],"tags":[201,441,489],"class_list":["post-393","post","type-post","status-publish","format-standard","hentry","category-allofobia","category-dret","category-general","category-laboral","category-requisit-linguistic","tag-fgv","tag-sindicats","tag-ugt"],"_links":{"self":[{"href":"https:\/\/www.cdlpv.org\/dtl\/wp-json\/wp\/v2\/posts\/393","targetHints":{"allow":["GET"]}}],"collection":[{"href":"https:\/\/www.cdlpv.org\/dtl\/wp-json\/wp\/v2\/posts"}],"about":[{"href":"https:\/\/www.cdlpv.org\/dtl\/wp-json\/wp\/v2\/types\/post"}],"author":[{"embeddable":true,"href":"https:\/\/www.cdlpv.org\/dtl\/wp-json\/wp\/v2\/users\/2"}],"replies":[{"embeddable":true,"href":"https:\/\/www.cdlpv.org\/dtl\/wp-json\/wp\/v2\/comments?post=393"}],"version-history":[{"count":0,"href":"https:\/\/www.cdlpv.org\/dtl\/wp-json\/wp\/v2\/posts\/393\/revisions"}],"wp:attachment":[{"href":"https:\/\/www.cdlpv.org\/dtl\/wp-json\/wp\/v2\/media?parent=393"}],"wp:term":[{"taxonomy":"category","embeddable":true,"href":"https:\/\/www.cdlpv.org\/dtl\/wp-json\/wp\/v2\/categories?post=393"},{"taxonomy":"post_tag","embeddable":true,"href":"https:\/\/www.cdlpv.org\/dtl\/wp-json\/wp\/v2\/tags?post=393"}],"curies":[{"name":"wp","href":"https:\/\/api.w.org\/{rel}","templated":true}]}}