{"id":391,"date":"2008-05-15T08:40:36","date_gmt":"2008-05-15T07:40:36","guid":{"rendered":"http:\/\/www.cdlpv.org\/dtl\/?p=391"},"modified":"2008-05-15T08:40:36","modified_gmt":"2008-05-15T07:40:36","slug":"oferta-laboral-de-redaccio-per-al-ddlc","status":"publish","type":"post","link":"https:\/\/www.cdlpv.org\/dtl\/2008\/05\/15\/oferta-laboral-de-redaccio-per-al-ddlc\/","title":{"rendered":"Oferta laboral de redacci\u00f3 per al DDLC (IEC)"},"content":{"rendered":"<p>Xavier Rull ens informa a trav\u00e9s d&#8217;InfoZ\u00e8fir de la convocat\u00f2ria d&#8217;una pla\u00e7a de redacci\u00f3 per al <em>Diccionari descriptiu de la llengua catalana<\/em> de l&#8217;Institut d&#8217;Estudis Catalans (IEC):<\/p>\n<blockquote>\n<h2>Convocat\u00f2ria d\u2019una pla\u00e7a de redactor\/a per al Diccionari descriptiu de la llengua catalana (Ref. DCC\/08)<\/h2>\n<p>L\u2019Institut d\u2019Estudis Catalans convoca una pla\u00e7a de redactor per al Diccionari descriptiu de la llengua catalana.<\/p>\n<p>La funci\u00f3 principal que s\u2019ha d\u2019exercir en aquest lloc de treball consisteix en la redacci\u00f3 d\u2019articles de diccionari.<\/p>\n<p><strong>Requisits:<\/strong><\/p>\n<ul>\n<li>\u00c9sser titulat\/ada superior, preferentment llicenciat\/ada en filologia catalana, ling\u00fc\u00edstica o estudis similars.<\/li>\n<li>Tenir un alt domini de l\u2019expressi\u00f3 escrita i de la normativa de la llengua catalana.<\/li>\n<li>Tenir coneixements aprofundits com a usuari\/\u00e0ria d\u2019eines d\u2019ofim\u00e0tica (bases de dades, tractament de textos&#8230;).<\/li>\n<li>Tenir experi\u00e8ncia en l\u2019an\u00e0lisi descriptiva del l\u00e8xic.<\/li>\n<li>Acreditar experi\u00e8ncia en l\u2019elaboraci\u00f3 de diccionaris o haver participat en projectes lexicogr\u00e0fics.<\/li>\n<li>Tenir aptituds per al treball en equip i bona capacitat d\u2019an\u00e0lisi i de s\u00edntesi.<\/li>\n<\/ul>\n<p><strong>M\u00e8rits:<\/strong><\/p>\n<ul>\n<li>Estar en possessi\u00f3 del diploma d\u2019estudis avan\u00e7ats o del t\u00edtol de doctor en filologia.<\/li>\n<li>Acreditar un nivell alt d\u2019angl\u00e8s i franc\u00e8s.<\/li>\n<li>Tenir formaci\u00f3 complement\u00e0ria en el camp de la lexicografia.<\/li>\n<\/ul>\n<p>El contracte ser\u00e0 per obra o servei, amb una jornada de 37,5 hores setmanals i una retribuci\u00f3 negociable d\u2019acord amb el curr\u00edculum que s\u2019acrediti.<\/p>\n<p>Les persones interessades s\u2019han d\u2019adre\u00e7ar per escrit al Departament de Recursos Humans de l\u2019Institut d\u2019Estudis Catalans, b\u00e9 sigui per carta (carrer del Carme, 47, 08001 Barcelona), b\u00e9 sigui per correu electr\u00f2nic <em>(<a href=\"mailto:recursos.humans@iec.cat\" target=\"_blank\">recursos.humans@iec.cat<\/a>)<\/em>, i han d\u2019adjuntar el curr\u00edculum complet i un certificat de l\u2019expedient acad\u00e8mic dels estudis realitzats. En l\u2019escrit de la sol\u00b7licitud s\u2019ha de fer constar la refer\u00e8ncia DCC\/08.\n<\/p><\/blockquote>\n","protected":false},"excerpt":{"rendered":"<p>Xavier Rull ens informa a trav\u00e9s d&#8217;InfoZ\u00e8fir de la convocat\u00f2ria d&#8217;una pla\u00e7a de redacci\u00f3 per al Diccionari descriptiu de la llengua catalana de l&#8217;Institut d&#8217;Estudis Catalans (IEC): Convocat\u00f2ria d\u2019una pla\u00e7a de redactor\/a per al Diccionari descriptiu de la llengua catalana (Ref. DCC\/08) L\u2019Institut d\u2019Estudis Catalans convoca una pla\u00e7a de redactor per al Diccionari descriptiu de [&hellip;]<\/p>\n","protected":false},"author":2,"featured_media":0,"comment_status":"open","ping_status":"open","sticky":false,"template":"","format":"standard","meta":{"footnotes":""},"categories":[43,1,46,15,16],"tags":[144,334],"class_list":["post-391","post","type-post","status-publish","format-standard","hentry","category-concursos","category-general","category-iec","category-laboral","category-lexicografia","tag-diccionaris","tag-ofertes"],"_links":{"self":[{"href":"https:\/\/www.cdlpv.org\/dtl\/wp-json\/wp\/v2\/posts\/391","targetHints":{"allow":["GET"]}}],"collection":[{"href":"https:\/\/www.cdlpv.org\/dtl\/wp-json\/wp\/v2\/posts"}],"about":[{"href":"https:\/\/www.cdlpv.org\/dtl\/wp-json\/wp\/v2\/types\/post"}],"author":[{"embeddable":true,"href":"https:\/\/www.cdlpv.org\/dtl\/wp-json\/wp\/v2\/users\/2"}],"replies":[{"embeddable":true,"href":"https:\/\/www.cdlpv.org\/dtl\/wp-json\/wp\/v2\/comments?post=391"}],"version-history":[{"count":0,"href":"https:\/\/www.cdlpv.org\/dtl\/wp-json\/wp\/v2\/posts\/391\/revisions"}],"wp:attachment":[{"href":"https:\/\/www.cdlpv.org\/dtl\/wp-json\/wp\/v2\/media?parent=391"}],"wp:term":[{"taxonomy":"category","embeddable":true,"href":"https:\/\/www.cdlpv.org\/dtl\/wp-json\/wp\/v2\/categories?post=391"},{"taxonomy":"post_tag","embeddable":true,"href":"https:\/\/www.cdlpv.org\/dtl\/wp-json\/wp\/v2\/tags?post=391"}],"curies":[{"name":"wp","href":"https:\/\/api.w.org\/{rel}","templated":true}]}}