{"id":39,"date":"2007-02-24T20:31:23","date_gmt":"2007-02-24T19:31:23","guid":{"rendered":"http:\/\/www.cdlpv.org\/dtl\/?p=39"},"modified":"2007-02-24T20:31:23","modified_gmt":"2007-02-24T19:31:23","slug":"les-comissions-i-lany-del-valencia","status":"publish","type":"post","link":"https:\/\/www.cdlpv.org\/dtl\/2007\/02\/24\/les-comissions-i-lany-del-valencia\/","title":{"rendered":"Les comissions i l&#8217;any del valenci\u00e0"},"content":{"rendered":"<p>S&#8217;acosta el moment de la presa de possessi\u00f3 dels t\u00e8cnics i t\u00e8cniques que van aconseguir pla\u00e7a en les darreres oposicions de l&#8217;administraci\u00f3 del Consell de la Generalitat valenciana.<\/p>\n<p>Abans que s&#8217;haja resolt eixa q\u00fcesti\u00f3, per\u00f2, ja hi ha moviments de peces \u2014\u00e9s a dir, de funcionaris\u2014 de les maneres m\u00e9s opaques, desiguals i contr\u00e0ries al m\u00e8rit i la capacitat, per\u00f2 curiosament legals, com s\u00f3n les comissions de servei. Per posar un exemple de l&#8217;\u00fas del mecanisme, a les Corts li s&#8217;han acabat els dos anys possibles al lloc de metge\/metgessa i l&#8217;Ajuntament de Val\u00e8ncia ha reclamat el retorn del funcionari que ocupava el lloc en comissi\u00f3 de serveis en l&#8217;administraci\u00f3 de la cambra legislativa. Amb tot, els dirigents de la cambra es resistixen a acceptar la legalitat i la necessitat i <em>comminen<\/em> l&#8217;ajuntament a validar una nova pr\u00f2rroga de la comissi\u00f3 de serveis. Ja vorem com queda la cosa.<\/p>\n<p>En canvi, en la Conselleria de Presid\u00e8ncia, assumpte que ja vam <a target=\"_blank\" href=\"http:\/\/www.cdlpv.org\/dtl\/?p=36\">comentar<\/a>, potser encara no s&#8217;ha firmat legalment, per\u00f2 s&#8217;aplica de fet \u2014fets i no paraules\u2014, el cap del Servei de Publicacions ha decidit posar un TMPL de cap de no sabem qu\u00e8 encara \u2014una unitat o una secci\u00f3\u2014 i en la carambola i per a cobrir el lloc que aquest ocupava interinament promour\u00e0 un TMPL del DOCV.<\/p>\n<p>Curiosament, el cap de publicacions pret\u00e9n fer-ho, si encara no ho ha fet, utilitzant el mateix procediment que menyst\u00e9 la igualtat, el m\u00e8rit i la capacitat, at\u00e9s que ha triat a dit les persones que m\u00e9s b\u00e9 li cauen \u2014o v\u00e9s a saber per qu\u00e8\u2014 que s&#8217;embutxacaran aix\u00ed uns bons calerons m\u00e9s que els seus companys i companyes. Naturalment, esta pol\u00edtica ni \u00e9s nova ni \u00e9s positiva per a l&#8217;administraci\u00f3. S\u00f3n actuacions que afecten negativament el funcionament dels organismes i la faena del funcionariat p\u00fablic, i sobretot, evidencien el nivell democr\u00e0tic dels qui decidixen seguir eixos camins d&#8217;arbitrarietat i menyspreu professional.<\/p>\n<p>Cal assenyalar, doncs, que els TMPL poden perdre una ocasi\u00f3 de promoci\u00f3 clara, transparent i justa. En canvi, aconseguiran noves precarietats, incerteses, desigualtats, malhumors, greuges comparatius i comentaris de carrer. I ah\u00ed haur\u00edem de voler arribar: despr\u00e9s de la consecuci\u00f3 de la reclassificaci\u00f3, hem deixat c\u00f3rrer la possibilitat de respondre organitzadament?, ens ha guanyat la mandra despr\u00e9s de l&#8217;esfor\u00e7 anterior? Potser s\u00ed, o potser \u00e9s un simple descans preelectoral. Ho haurem de vore.<\/p>\n<p>En tot cas, sembla que tindrem un any del valenci\u00e0 per la banda de Castell\u00f3 de la Plana, que pot ser una iniciativa positiva si t\u00e9 algun efecte concret en la gesti\u00f3 ling\u00fc\u00edstica de l&#8217;entitat municipal, m\u00e9s enll\u00e0 i tot del \u00abdesmai\u00bb simb\u00f2lic. En parla el diari <a target=\"_blank\" title=\"Aniversari de les normes de Castell\u00f3\" href=\"http:\/\/www.elperiodicomediterraneo.com\/noticias\/noticia.asp?pkid=280403\"><em>Mediterr\u00e1neo<\/em><\/a>:<\/p>\n<blockquote><p>EL 2007 SER\u00c1 EL A\u00d1O DEL USO DEL VALENCIANO<\/p>\n<h3>Estudian crear la Fundaci\u00f3 Les Normes de Castell\u00f3<\/h3>\n<p id=\"fuenteDeLaNoticia\">23\/02\/2007 J. ANDREU<\/p>\n<p>El Ayuntamiento de Castell\u00f3n, por acuerdo de los tres grupos municipales, acord\u00f3 ayer, a propuesta del portavoz adjunto del Bloc, Enric Nomded\u00e9u, &#8220;estudiar la posibilidad de crear la Fundaci\u00f3 Les Normes de Castell\u00f3&#8221;, cara a impulsar la normalizaci\u00f3n del uso del valenciano y a fomentar el estudio y la ense\u00f1anza de esta lengua en la capital.<\/p>\n<p>Pero para llegar a este acuerdo, que centr\u00f3 el debate del pleno municipal, se produjo primero la presentaci\u00f3n de una moci\u00f3n del Grupo Socialista, que fue sustituida por una conjunta de los grupos Socialista y Popular, a la que posteriormente se present\u00f3 una enmienda del Grupo del Bloc. Tras un amplio debate y receso por parte de los portavoces de ambos grupos, junto al alcalde de Castell\u00f3n, Alberto Fabra, se lleg\u00f3 al acuerdo final, que consta de cinco puntos en su texto.<\/p>\n<p><strong>A\u00f1o del valenciano<\/strong><\/p>\n<p>De esta forma, por unanimidad, el Ayuntamiento de Castell\u00f3n acord\u00f3 declarar el 2007 como &#8220;A\u00f1o de fomento del uso del valenciano a Castell\u00f3n&#8221;, con motivo de la conmemoraci\u00f3n del 75\u00b0 aniversario de la firma en la capital de La Plana de Les Normes de Castell\u00f3, acto que se produjo el 21 de diciembre de 1932 en el caser\u00f3n de la calle Caballeros, que durante a\u00f1os ha sido sede del Museo Provincial de Castell\u00f3n.<\/p>\n<p>Tambi\u00e9n se dar\u00e1 soporte a todas las iniciativas que, con motivo de esta conmemoraci\u00f3n, se est\u00e1n dise\u00f1ando, y se promover\u00e1n nuevas acciones con los medios de comunicaci\u00f3n, entidades deportivas, colectivos festeros y representantes del comercio.<\/p>\n<p>El consistorio se ha comprometido a elaborar una campa\u00f1a de dinamizaci\u00f3n ling\u00fc\u00edstica para promover el uso del valenciano.<\/p>\n<p><strong>\u00c1rbol simb\u00f3lico<\/strong><\/p>\n<p>Para cerrar el acuerdo alcanzado, se plantar\u00e1 en la plaza Les Normes de Castell\u00f3, en el barrio Rafalafena, un sauce llor\u00f3n, como elemento simb\u00f3lico que har\u00e1 referencia a esta conmemoraci\u00f3n.<\/p>\n<p>A pesar del consenso alcalzado, hubo sus m\u00e1s y sus menos sobre el inter\u00e9s municipal en el uso del valenciano. En opini\u00f3n el portavoz del ejecutivo, Miguel \u00c1ngel Mulet, el Ayuntamiento &#8220;da soporte a todas las iniciativas&#8221; y su defensa &#8220;debe estar rodeada de normalidad&#8221;.<\/p>\n<p>En cambio, para el portavoz adjunto del Bloc, el consistorio &#8220;debe implicarse m\u00e1s y todos los a\u00f1os&#8221; y reclam\u00f3 la creaci\u00f3n de un <em>gabinet de normalizaci\u00f3.<\/em><\/p><\/blockquote>\n","protected":false},"excerpt":{"rendered":"<p>S&#8217;acosta el moment de la presa de possessi\u00f3 dels t\u00e8cnics i t\u00e8cniques que van aconseguir pla\u00e7a en les darreres oposicions de l&#8217;administraci\u00f3 del Consell de la Generalitat valenciana. Abans que s&#8217;haja resolt eixa q\u00fcesti\u00f3, per\u00f2, ja hi ha moviments de peces \u2014\u00e9s a dir, de funcionaris\u2014 de les maneres m\u00e9s opaques, desiguals i contr\u00e0ries al [&hellip;]<\/p>\n","protected":false},"author":2,"featured_media":0,"comment_status":"open","ping_status":"open","sticky":false,"template":"","format":"standard","meta":{"footnotes":""},"categories":[1,15,47,19],"tags":[],"class_list":["post-39","post","type-post","status-publish","format-standard","hentry","category-general","category-laboral","category-planificacio","category-politica"],"_links":{"self":[{"href":"https:\/\/www.cdlpv.org\/dtl\/wp-json\/wp\/v2\/posts\/39","targetHints":{"allow":["GET"]}}],"collection":[{"href":"https:\/\/www.cdlpv.org\/dtl\/wp-json\/wp\/v2\/posts"}],"about":[{"href":"https:\/\/www.cdlpv.org\/dtl\/wp-json\/wp\/v2\/types\/post"}],"author":[{"embeddable":true,"href":"https:\/\/www.cdlpv.org\/dtl\/wp-json\/wp\/v2\/users\/2"}],"replies":[{"embeddable":true,"href":"https:\/\/www.cdlpv.org\/dtl\/wp-json\/wp\/v2\/comments?post=39"}],"version-history":[{"count":0,"href":"https:\/\/www.cdlpv.org\/dtl\/wp-json\/wp\/v2\/posts\/39\/revisions"}],"wp:attachment":[{"href":"https:\/\/www.cdlpv.org\/dtl\/wp-json\/wp\/v2\/media?parent=39"}],"wp:term":[{"taxonomy":"category","embeddable":true,"href":"https:\/\/www.cdlpv.org\/dtl\/wp-json\/wp\/v2\/categories?post=39"},{"taxonomy":"post_tag","embeddable":true,"href":"https:\/\/www.cdlpv.org\/dtl\/wp-json\/wp\/v2\/tags?post=39"}],"curies":[{"name":"wp","href":"https:\/\/api.w.org\/{rel}","templated":true}]}}