{"id":388,"date":"2008-05-13T11:42:48","date_gmt":"2008-05-13T10:42:48","guid":{"rendered":"http:\/\/www.cdlpv.org\/dtl\/?p=388"},"modified":"2008-05-13T11:42:48","modified_gmt":"2008-05-13T10:42:48","slug":"la-llengua-i-les-llengues-en-lensenyament","status":"publish","type":"post","link":"https:\/\/www.cdlpv.org\/dtl\/2008\/05\/13\/la-llengua-i-les-llengues-en-lensenyament\/","title":{"rendered":"La llengua i les lleng\u00fces en l&#8217;ensenyament"},"content":{"rendered":"<p>La Unitat per a l&#8217;Educaci\u00f3 Multiling\u00fce de la Universitat d&#8217;Alacant t\u00e9 un <a href=\"http:\/\/www.ua.es\/uem\/\" target=\"_blank\">web<\/a> ple d&#8217;informaci\u00f3 que tant poden servir per a \u00fas dels centres educatius com per a aportar dades sobre la situaci\u00f3 de l&#8217;\u00fas i l&#8217;ensenyament de la llengua i de les lleng\u00fces.<\/p>\n<p>L&#8217;apartat de not\u00edcies recull la informaci\u00f3 seg\u00fcent:<\/p>\n<blockquote><p>\nEls alumnes que estudien en valenci\u00e0 augmenten un 30%, segons el Consell, i un 4%, segons STEPV. L&#8217;informe del Sindicat de treballadors de l&#8217;Ensenyament parla d&#8217;un \u00abdesequilibri\u00bb quant a estudiants en valenci\u00e0 en centres p\u00fablics i concertats, ja que el primer cas aglutina el 94% de l&#8217;alumnat, i el segon nom\u00e9s un 6%.\n<\/p><\/blockquote>\n<p>De fet, tal com hem comentat anteriorment en el <span class=\"versaleta\"><em>dtl<\/em><\/span> <a href=\"http:\/\/www.cdlpv.org\/dtl\/?p=165\" target=\"_blank\">(27.08.2007)<\/a>, segons les dades de l&#8217;<span class=\"versaleta\">stepv<\/span>:<\/p>\n<p><a href='http:\/\/www.cdlpv.org\/dtl\/wp-content\/stepv-2008.jpg' target='_blank'><img loading=\"lazy\" decoding=\"async\" src=\"http:\/\/www.cdlpv.org\/dtl\/wp-content\/stepv-2008-264x300.jpg\" alt=\"Dades 2008\" title=\"stepv-2008\" width=\"264\" height=\"300\" class=\"aligncenter size-medium wp-image-387\" \/><\/a><\/p>\n","protected":false},"excerpt":{"rendered":"<p>La Unitat per a l&#8217;Educaci\u00f3 Multiling\u00fce de la Universitat d&#8217;Alacant t\u00e9 un web ple d&#8217;informaci\u00f3 que tant poden servir per a \u00fas dels centres educatius com per a aportar dades sobre la situaci\u00f3 de l&#8217;\u00fas i l&#8217;ensenyament de la llengua i de les lleng\u00fces. L&#8217;apartat de not\u00edcies recull la informaci\u00f3 seg\u00fcent: Els alumnes que estudien [&hellip;]<\/p>\n","protected":false},"author":2,"featured_media":0,"comment_status":"open","ping_status":"open","sticky":false,"template":"","format":"standard","meta":{"footnotes":""},"categories":[45,10,1,47],"tags":[449,492],"class_list":["post-388","post","type-post","status-publish","format-standard","hentry","category-ensenyament","category-formacio","category-general","category-planificacio","tag-stepv","tag-universitat-dalacant"],"_links":{"self":[{"href":"https:\/\/www.cdlpv.org\/dtl\/wp-json\/wp\/v2\/posts\/388","targetHints":{"allow":["GET"]}}],"collection":[{"href":"https:\/\/www.cdlpv.org\/dtl\/wp-json\/wp\/v2\/posts"}],"about":[{"href":"https:\/\/www.cdlpv.org\/dtl\/wp-json\/wp\/v2\/types\/post"}],"author":[{"embeddable":true,"href":"https:\/\/www.cdlpv.org\/dtl\/wp-json\/wp\/v2\/users\/2"}],"replies":[{"embeddable":true,"href":"https:\/\/www.cdlpv.org\/dtl\/wp-json\/wp\/v2\/comments?post=388"}],"version-history":[{"count":0,"href":"https:\/\/www.cdlpv.org\/dtl\/wp-json\/wp\/v2\/posts\/388\/revisions"}],"wp:attachment":[{"href":"https:\/\/www.cdlpv.org\/dtl\/wp-json\/wp\/v2\/media?parent=388"}],"wp:term":[{"taxonomy":"category","embeddable":true,"href":"https:\/\/www.cdlpv.org\/dtl\/wp-json\/wp\/v2\/categories?post=388"},{"taxonomy":"post_tag","embeddable":true,"href":"https:\/\/www.cdlpv.org\/dtl\/wp-json\/wp\/v2\/tags?post=388"}],"curies":[{"name":"wp","href":"https:\/\/api.w.org\/{rel}","templated":true}]}}