{"id":386,"date":"2008-05-08T16:56:27","date_gmt":"2008-05-08T15:56:27","guid":{"rendered":"http:\/\/www.cdlpv.org\/dtl\/?p=386"},"modified":"2008-05-08T16:56:27","modified_gmt":"2008-05-08T15:56:27","slug":"flaixos-numero-13-girona-i-audiencia-nacional-espanyola","status":"publish","type":"post","link":"https:\/\/www.cdlpv.org\/dtl\/2008\/05\/08\/flaixos-numero-13-girona-i-audiencia-nacional-espanyola\/","title":{"rendered":"Flaixos n\u00famero 13: Girona i audi\u00e8ncia nacional espanyola"},"content":{"rendered":"<p>Els <em>Flaixos d&#8217;Actualitat<\/em> d&#8217;esta quinzena <a href=\"http:\/\/www20.gencat.cat\/portal\/site\/Llengcat\/menuitem.08f45c9e3857090e3285bdb1b0c0e1a0\/?vgnextoid=cedaaa22b7103110VgnVCM1000008d0c1e0aRCRD&#038;vgnextchannel=cedaaa22b7103110VgnVCM1000008d0c1e0aRCRD&#038;vgnextfmt=default\" target=\"_blank\">(n\u00fam. 13)<\/a> ens aporten, entre altres dades interessants, les dos informacions seg\u00fcents:<\/p>\n<p>Per exemple, podem extraure de la revista Addenda (n\u00fam. 14) les dades sobre \u00abel nombre de documentaci\u00f3 que inicia el procediment \u2014demandes, den\u00fancies, querelles, etc.\u2014 presentada en catal\u00e0 durant els anys 2005, 2006 i 2007\u00bb a Girona:<\/p>\n<blockquote class=\"nota\">\n<table align=center border=1 cellspacing=3 cellpadding=2>\n<tr>\n<th>GIRONA<\/td>\n<td>| 2005<\/td>\n<td>| 2006<\/td>\n<td>| 2007<\/th>\n<\/tr>\n<tr>\n<td>Repartiment civil<\/td>\n<td>| 2.589 (35%)<\/td>\n<td>| 2.571 (32%)<\/td>\n<td>| 2.828 (33%)<\/td>\n<\/tr>\n<tr>\n<td>Rep. contenci\u00f3s<\/td>\n<td>| 645 (41%)<\/td>\n<td>| 627 (42%)<\/td>\n<td>| 647 (37%)<\/td>\n<\/tr>\n<tr>\n<td>Rep. social<\/td>\n<td>| 794 (27%)<\/td>\n<td>| 768 (26%)<\/td>\n<td>| 1.261(38%)<\/td>\n<\/tr>\n<tr>\n<td>Rep. viol\u00e8ncia sobre la dona<\/td>\n<td>| 7 (50%)<\/td>\n<td>| 19 (45%)<\/td>\n<td>| 20 (40%)<\/td>\n<\/tr>\n<tr>\n<td>Rep. mercantil<\/td>\n<td>| 31 (14%)<\/td>\n<td>| 22 (10%)<\/td>\n<td>| 25 (9%)<\/td>\n<\/tr>\n<tr>\n<td>Rep. penal<\/td>\n<td>| 2.613 (75%)<\/td>\n<td>| 2.533 (73%)<\/td>\n<td>| 2.940 (80%)<\/td>\n<\/tr>\n<tr>\n<td>Rep. instrucci\u00f3<\/td>\n<td>| 3.659 (57%)<\/td>\n<td>| 3.308 (51%)<\/td>\n<td>| 4.316 (67%)<\/td>\n<\/tr>\n<\/table>\n<\/blockquote>\n<p>A m\u00e9s, es fan ress\u00f2 de l&#8217;esmena de l&#8217;Audi\u00e8ncia nacional espanyola al jutge V\u00e1zquez Honrubia (<a href=\"http:\/\/www.cdlpv.org\/dtl\/?p=339\" target=\"_blank\">veg.<\/a> <span class=\"versaleta\"><em>dtl<\/em><\/span>, 14.03.2008):<\/p>\n<blockquote>\n<h2>L&#8217;Audi\u00e8ncia Nacional de Madrid reconeix el dret dels acusats a usar-hi el catal\u00e0<\/h2>\n<p>La Sala Penal de l&#8217;Audi\u00e8ncia Nacional, amb seu a Madrid, ha estimat un recurs d&#8217;apel\u00b7laci\u00f3 contra una sent\u00e8ncia de 22 de novembre de 2007 del Jutjat Central Penal de la mateixa Audi\u00e8ncia. La sent\u00e8ncia que resol l&#8217;apel\u00b7laci\u00f3, dictada el passat 24 d&#8217;abril, considera que el fet d&#8217;obligar els acusats a parlar en castell\u00e0 comporta una infracci\u00f3 del dret a un judici just amb interdicci\u00f3 de la indefensi\u00f3. El dret de declarar en la llengua que el tribunal anomena \u00abmaterna\u00bb forma part del dret subjectiu a l&#8217;autodefensa o defensa personal de l&#8217;art. 24 de la Constituci\u00f3 espanyola. En els seus raonaments favorables al dret a l&#8217;\u00fas del catal\u00e0, la sent\u00e8ncia t\u00e9 en compte l&#8217;art. 3 de la Constituci\u00f3 espanyola, la Carta europea de les lleng\u00fces regionals o minorit\u00e0ries i l&#8217;art. 231 de la Llei org\u00e0nica del Poder Judicial. El tribunal deixa clar que \u00ab\u00e9s una garantia del dret de defensa permetre a l&#8217;acusat que s&#8217;expressi en la seva llengua materna\u00bb. Recorda que la sent\u00e8ncia del Tribunal Constitucional  74\/1987, de 25 de maig, reconeix el dret de declarar judicialment en la llengua pr\u00f2pia a tot arreu. L&#8217;art. 231.5 de la Llei org\u00e0nica del Poder Judicial distingeix les lleng\u00fces espanyoles \u00abcooficials o minorit\u00e0ries\u00bb, \u00abque configuren la riquesa del nostre patrimoni cultural\u00bb, de les estrangeres. D&#8217;acord amb tot aix\u00f2, la sent\u00e8ncia anul\u00b7la que \u00e9s objecte d&#8217;apel\u00b7laci\u00f3 de manera que retrotreu les actuacions al moment del judici oral a fi que un nou magistrat dugui a terme un nou proc\u00e9s.\n<\/p><\/blockquote>\n","protected":false},"excerpt":{"rendered":"<p>Els Flaixos d&#8217;Actualitat d&#8217;esta quinzena (n\u00fam. 13) ens aporten, entre altres dades interessants, les dos informacions seg\u00fcents: Per exemple, podem extraure de la revista Addenda (n\u00fam. 14) les dades sobre \u00abel nombre de documentaci\u00f3 que inicia el procediment \u2014demandes, den\u00fancies, querelles, etc.\u2014 presentada en catal\u00e0 durant els anys 2005, 2006 i 2007\u00bb a Girona: GIRONA [&hellip;]<\/p>\n","protected":false},"author":2,"featured_media":0,"comment_status":"open","ping_status":"open","sticky":false,"template":"","format":"standard","meta":{"footnotes":""},"categories":[36,4,1,24],"tags":[206,226,262,265],"class_list":["post-386","post","type-post","status-publish","format-standard","hentry","category-allofobia","category-dret","category-general","category-requisit-linguistic","tag-flaixos-dactualitat","tag-girona","tag-justicia","tag-jutges"],"_links":{"self":[{"href":"https:\/\/www.cdlpv.org\/dtl\/wp-json\/wp\/v2\/posts\/386","targetHints":{"allow":["GET"]}}],"collection":[{"href":"https:\/\/www.cdlpv.org\/dtl\/wp-json\/wp\/v2\/posts"}],"about":[{"href":"https:\/\/www.cdlpv.org\/dtl\/wp-json\/wp\/v2\/types\/post"}],"author":[{"embeddable":true,"href":"https:\/\/www.cdlpv.org\/dtl\/wp-json\/wp\/v2\/users\/2"}],"replies":[{"embeddable":true,"href":"https:\/\/www.cdlpv.org\/dtl\/wp-json\/wp\/v2\/comments?post=386"}],"version-history":[{"count":0,"href":"https:\/\/www.cdlpv.org\/dtl\/wp-json\/wp\/v2\/posts\/386\/revisions"}],"wp:attachment":[{"href":"https:\/\/www.cdlpv.org\/dtl\/wp-json\/wp\/v2\/media?parent=386"}],"wp:term":[{"taxonomy":"category","embeddable":true,"href":"https:\/\/www.cdlpv.org\/dtl\/wp-json\/wp\/v2\/categories?post=386"},{"taxonomy":"post_tag","embeddable":true,"href":"https:\/\/www.cdlpv.org\/dtl\/wp-json\/wp\/v2\/tags?post=386"}],"curies":[{"name":"wp","href":"https:\/\/api.w.org\/{rel}","templated":true}]}}