{"id":384,"date":"2008-05-06T11:11:28","date_gmt":"2008-05-06T10:11:28","guid":{"rendered":"http:\/\/www.cdlpv.org\/dtl\/?p=384"},"modified":"2008-05-06T11:11:28","modified_gmt":"2008-05-06T10:11:28","slug":"subvencions-per-al-catala-eina-de-feina","status":"publish","type":"post","link":"https:\/\/www.cdlpv.org\/dtl\/2008\/05\/06\/subvencions-per-al-catala-eina-de-feina\/","title":{"rendered":"Subvencions per al catal\u00e0, eina de feina"},"content":{"rendered":"<p>Magdalena Ramon ens fa arribar a trav\u00e9s d&#8217;InfoZ\u00e8fir la informaci\u00f3 seg\u00fcent:<\/p>\n<blockquote><p>\nLa Direcci\u00f3 Insular de Pol\u00edtica Ling\u00fc\u00edstica del Consell de Mallorca ha editat un fullet informatiu per donar a con\u00e8ixer la convocat\u00f2ria anual de subvencions a empreses. Sota el lema \u00abFes del catal\u00e0 la teva eina de feina\u00bb, es pret\u00e9n augmentar l&#8217;\u00fas de la llengua catalana en l&#8217;etiquetatge, el material impr\u00e8s, les cartes de restaurant i les p\u00e0gines web.<\/p>\n<p>Juntament amb el fullet, s&#8217;ha editat un punt de llibre amb un petit vocabulari relacionat amb el m\u00f3n empresarial.<\/p>\n<p>M\u00e9s informaci\u00f3 a: <a href=\"http:\/\/www.conselldemallorca.net\/cultura\/\" target=\"_blank\">http:\/\/www.conselldemallorca.net\/cultura\/<\/a> (apartat de subvencions)<\/p>\n<p>Font:<br \/>\nServei de Normalitzaci\u00f3 Ling\u00fc\u00edsitica<br \/>\nConsell de Mallorca<br \/>\nTel. 971 21 95 95\n<\/p><\/blockquote>\n","protected":false},"excerpt":{"rendered":"<p>Magdalena Ramon ens fa arribar a trav\u00e9s d&#8217;InfoZ\u00e8fir la informaci\u00f3 seg\u00fcent: La Direcci\u00f3 Insular de Pol\u00edtica Ling\u00fc\u00edstica del Consell de Mallorca ha editat un fullet informatiu per donar a con\u00e8ixer la convocat\u00f2ria anual de subvencions a empreses. Sota el lema \u00abFes del catal\u00e0 la teva eina de feina\u00bb, es pret\u00e9n augmentar l&#8217;\u00fas de la llengua [&hellip;]<\/p>\n","protected":false},"author":2,"featured_media":0,"comment_status":"open","ping_status":"open","sticky":false,"template":"","format":"standard","meta":{"footnotes":""},"categories":[1,28],"tags":[51,240],"class_list":["post-384","post","type-post","status-publish","format-standard","hentry","category-general","category-subvencions","tag-ajudes","tag-illes-balears"],"_links":{"self":[{"href":"https:\/\/www.cdlpv.org\/dtl\/wp-json\/wp\/v2\/posts\/384","targetHints":{"allow":["GET"]}}],"collection":[{"href":"https:\/\/www.cdlpv.org\/dtl\/wp-json\/wp\/v2\/posts"}],"about":[{"href":"https:\/\/www.cdlpv.org\/dtl\/wp-json\/wp\/v2\/types\/post"}],"author":[{"embeddable":true,"href":"https:\/\/www.cdlpv.org\/dtl\/wp-json\/wp\/v2\/users\/2"}],"replies":[{"embeddable":true,"href":"https:\/\/www.cdlpv.org\/dtl\/wp-json\/wp\/v2\/comments?post=384"}],"version-history":[{"count":0,"href":"https:\/\/www.cdlpv.org\/dtl\/wp-json\/wp\/v2\/posts\/384\/revisions"}],"wp:attachment":[{"href":"https:\/\/www.cdlpv.org\/dtl\/wp-json\/wp\/v2\/media?parent=384"}],"wp:term":[{"taxonomy":"category","embeddable":true,"href":"https:\/\/www.cdlpv.org\/dtl\/wp-json\/wp\/v2\/categories?post=384"},{"taxonomy":"post_tag","embeddable":true,"href":"https:\/\/www.cdlpv.org\/dtl\/wp-json\/wp\/v2\/tags?post=384"}],"curies":[{"name":"wp","href":"https:\/\/api.w.org\/{rel}","templated":true}]}}