{"id":383,"date":"2008-05-05T13:38:49","date_gmt":"2008-05-05T12:38:49","guid":{"rendered":"http:\/\/www.cdlpv.org\/dtl\/?p=383"},"modified":"2008-05-05T13:38:49","modified_gmt":"2008-05-05T12:38:49","slug":"xxv-cursos-destiu-de-la-generalitat-valenciana","status":"publish","type":"post","link":"https:\/\/www.cdlpv.org\/dtl\/2008\/05\/05\/xxv-cursos-destiu-de-la-generalitat-valenciana\/","title":{"rendered":"XXV Cursos d&#8217;Estiu de la Generalitat valenciana"},"content":{"rendered":"<p>La Conselleria d&#8217;Educaci\u00f3 ha presentat els <span class=\"versaleta\">xxv<\/span> Cursos Estiu. El termini de matr\u00edcula s&#8217;obri el dia 7 de maig. La <a href=\"http:\/\/www.edu.gva.es\/polin\/val\/aprendre_valencia.html\" target=\"_blank\">informaci\u00f3<\/a> \u00e9s la seg\u00fcent:<\/p>\n<blockquote><p>\nEls XXV Cursos d\u2019Estiu que convoca la Conselleria d\u2019Educaci\u00f3 tindran lloc a l\u2019Escola d\u2019Art i Superior de Disseny, situada al Complex de Velluters (c\/ Pintor Domingo, 20, CP 46001 Val\u00e8ncia), els dies 30 de juny i 1, 2, 3 i 4 de juliol de 2008. Els cursos van adre\u00e7ats especialment als t\u00e8cnics dels servicis d\u2019assessorament ling\u00fc\u00edstic i de promoci\u00f3 de l\u2019\u00fas del valenci\u00e0 en els \u00e0mbits de l\u2019Administraci\u00f3 p\u00fablica, de les universitats, sindicats i altres, i al professorat dels diferents programes de promoci\u00f3 dels coneixements del valenci\u00e0 que desplega i coordina la Conselleria d\u2019Educaci\u00f3.<\/p>\n<p>Com en edicions anteriors, enguany s\u2019oferixen tres cursos que poden servir de complement per a la preparaci\u00f3 de les proves de la Junta Qualificadora de Coneixements de Valenci\u00e0 (JQCV). S\u00f3n els cursos anomenats Llenguatge administratiu, Llenguatge en els mitjans de comunicaci\u00f3 i Correcci\u00f3 de textos. Tamb\u00e9 es tornen a proposar els cursos Llengua per a experts, concebut com una acci\u00f3 formativa altament especialitzada i adre\u00e7ada a t\u00e8cnics i assessors ling\u00fc\u00edstics, i La llengua en el seu context, que comptar\u00e0 amb l\u2019aportaci\u00f3 dels punts de vista d\u2019experts d\u2019altres disciplines distintes a les que s\u2019ocupen directament del valenci\u00e0. Amb el curs titulat Aspectes avan\u00e7ats de llengua s\u2019agrupen intervencions de professionals de la llengua que despleguen la seua professi\u00f3 b\u00e9 en l\u2019\u00e0mbit p\u00fablic, b\u00e9 en el privat. El curs anomenat El nou sistema de proves de la Junta Qualificadora de Coneixements de Valenci\u00e0 servir\u00e0 com a espai de difusi\u00f3 i debat del projecte de renovaci\u00f3 dels models de prova de la JQCV.<\/p>\n<ul>\n<li><a href=\"http:\/\/www.edu.gva.es\/abc\/usvalestiu\/val\/dni.asp\" target=\"_blank\">Matr\u00edcula<\/a>\n<li>Informaci\u00f3 <a href=\"http:\/\/www.edu.gva.es\/polin\/docs\/suoacv_docs\/XXVCursosdEstiu.pdf\" target=\"_blank\"><span class=\"versaleta\">[pdf]<\/span><\/a>\n<li><a href=\"http:\/\/www.edu.gva.es\/polin\/val\/planol.htm\" target=\"_blank\">Ubicaci\u00f3<\/a><\/ul>\n<\/blockquote>\n","protected":false},"excerpt":{"rendered":"<p>La Conselleria d&#8217;Educaci\u00f3 ha presentat els xxv Cursos Estiu. El termini de matr\u00edcula s&#8217;obri el dia 7 de maig. La informaci\u00f3 \u00e9s la seg\u00fcent: Els XXV Cursos d\u2019Estiu que convoca la Conselleria d\u2019Educaci\u00f3 tindran lloc a l\u2019Escola d\u2019Art i Superior de Disseny, situada al Complex de Velluters (c\/ Pintor Domingo, 20, CP 46001 Val\u00e8ncia), els [&hellip;]<\/p>\n","protected":false},"author":2,"featured_media":0,"comment_status":"open","ping_status":"open","sticky":false,"template":"","format":"standard","meta":{"footnotes":""},"categories":[10,1],"tags":[135],"class_list":["post-383","post","type-post","status-publish","format-standard","hentry","category-formacio","category-general","tag-cursos"],"_links":{"self":[{"href":"https:\/\/www.cdlpv.org\/dtl\/wp-json\/wp\/v2\/posts\/383","targetHints":{"allow":["GET"]}}],"collection":[{"href":"https:\/\/www.cdlpv.org\/dtl\/wp-json\/wp\/v2\/posts"}],"about":[{"href":"https:\/\/www.cdlpv.org\/dtl\/wp-json\/wp\/v2\/types\/post"}],"author":[{"embeddable":true,"href":"https:\/\/www.cdlpv.org\/dtl\/wp-json\/wp\/v2\/users\/2"}],"replies":[{"embeddable":true,"href":"https:\/\/www.cdlpv.org\/dtl\/wp-json\/wp\/v2\/comments?post=383"}],"version-history":[{"count":0,"href":"https:\/\/www.cdlpv.org\/dtl\/wp-json\/wp\/v2\/posts\/383\/revisions"}],"wp:attachment":[{"href":"https:\/\/www.cdlpv.org\/dtl\/wp-json\/wp\/v2\/media?parent=383"}],"wp:term":[{"taxonomy":"category","embeddable":true,"href":"https:\/\/www.cdlpv.org\/dtl\/wp-json\/wp\/v2\/categories?post=383"},{"taxonomy":"post_tag","embeddable":true,"href":"https:\/\/www.cdlpv.org\/dtl\/wp-json\/wp\/v2\/tags?post=383"}],"curies":[{"name":"wp","href":"https:\/\/api.w.org\/{rel}","templated":true}]}}