{"id":380,"date":"2008-04-29T08:00:15","date_gmt":"2008-04-29T07:00:15","guid":{"rendered":"http:\/\/www.cdlpv.org\/dtl\/?p=380"},"modified":"2008-04-29T08:00:15","modified_gmt":"2008-04-29T07:00:15","slug":"llengua-i-us-41","status":"publish","type":"post","link":"https:\/\/www.cdlpv.org\/dtl\/2008\/04\/29\/llengua-i-us-41\/","title":{"rendered":"Llengua i \u00das, 41"},"content":{"rendered":"<p>Ha aparegut el <a href=\"http:\/\/www.gencat.cat\/llengua\/liu\/41\/llengua_i_us.htm\" target=\"_blank\">n\u00famero 41<\/a> de la revista <em>Llengua i \u00das<\/em>. Alguns articles s\u00f3n:<\/p>\n<blockquote><p>\n<b>Els estudis d&#8217;implantaci\u00f3 de la terminologia des d&#8217;una perspectiva socioling\u00fc\u00edstica<\/b> <a href=\"http:\/\/www14.gencat.net\/pres_push\/AppJava\/TRD?encoding=iso-8859-1&#038;uid=golls@geocities.com&#038;nid=724939&#038;uri=http:\/\/www6.gencat.net\/llengcat\/liu\/41_10.pdf\" target=\"_blank\"><span class=\"versaleta\">[pdf]<\/span><\/a><\/p>\n<p>Marina Nogu\u00e9 Pich Universitat de Barcelona<br \/>\nF. Xavier Vila i Moreno Universitat de Barcelona<\/p>\n<p>Tot i el seu inter\u00e8s interdisciplinari, l&#8217;an\u00e0lisi de l&#8217;\u00fas real de la terminologia ha rom\u00e0s for\u00e7a inexplorat fins fa poc temps, especialment pel que fa a l&#8217;\u00fas oral. El TERMCAT ha presentat recentment les primeres exploracions d&#8217;aquest tipus fetes per al catal\u00e0, amb uns estudis elaborats pels autors d&#8217;aquest article, vinculats al Centre Universitari de Socioling\u00fc\u00edstica i Comunicaci\u00f3 (CUSC-PCB\/UB) i a la Xarxa Cruscat (Coneixements, Representacions i Usos del Catal\u00e0), de l&#8217;Institut d&#8217;Estudis Catalans. Aquest article descriu les principals caracter\u00edstiques i conclusions dels estudis elaborats.<\/p>\n<p><b>Compet\u00e8ncia ling\u00fc\u00edstica: un objectiu a fixar<\/b> <a href=\"http:\/\/www14.gencat.net\/pres_push\/AppJava\/TRD?encoding=iso-8859-1&#038;uid=golls@geocities.com&#038;nid=724939&#038;uri=http:\/\/www6.gencat.net\/llengcat\/liu\/41_01.pdf\" target=\"_blank\"><span class=\"versaleta\">[pdf]<\/span><\/a><\/p>\n<p>Bernat Joan Secretaria de Pol\u00edtica Ling\u00fc\u00edstica<\/p>\n<p>L&#8217;article aborda la import\u00e0ncia de la compet\u00e8ncia ling\u00fc\u00edstica de les persones en un entorn que progressivament esdev\u00e9 multiling\u00fce. S&#8217;hi descriu el proc\u00e9s de Lisboa i l&#8217;impacte del pluriling\u00fcisme en el futur del catal\u00e0. Tamb\u00e9 s&#8217;hi esbossa la proposta de pacte nacional per les habilitats ling\u00fc\u00edstiques.<\/p>\n<p><b>Context i transversalitat de la pol\u00edtica ling\u00fc\u00edstica com a pol\u00edtica p\u00fablica<\/b> <a href=\"http:\/\/www14.gencat.net\/pres_push\/AppJava\/TRD?encoding=iso-8859-1&#038;uid=golls@geocities.com&#038;nid=724939&#038;uri=http:\/\/www6.gencat.net\/llengcat\/liu\/41_02.pdf\" target=\"_blank\"><span class=\"versaleta\">[pdf]<\/span><\/a><\/p>\n<p>Paquita Sanvic\u00e9n Secretaria de Pol\u00edtica Ling\u00fc\u00edstica<\/p>\n<p>La import\u00e0ncia del context i la conveni\u00e8ncia d&#8217;un enfocament transversal s\u00f3n les claus de l&#8217;article, que analitza les transformacions demogr\u00e0fiques, socials i tecnol\u00f2giques dels darrers anys a Catalunya i l&#8217;impacte que han tingut sobre una pol\u00edtica ling\u00fc\u00edstica que ha d&#8217;orientar-se al benestar de les persones. Per aconseguir-ho, i d&#8217;acord amb el criteri de transversalitat, \u00e9s necess\u00e0ria una gran implicaci\u00f3 d&#8217;empreses, institucions, agents socials i col\u00b7lectius.<\/p>\n<p><b>Per una pol\u00edtica ling\u00fc\u00edstica responsable: una visi\u00f3 des de l&#8217;\u00e8tica pol\u00edtica<\/b> <a href=\"http:\/\/www14.gencat.net\/pres_push\/AppJava\/TRD?encoding=iso-8859-1&#038;uid=golls@geocities.com&#038;nid=724939&#038;uri=http:\/\/www6.gencat.net\/llengcat\/liu\/41_03.pdf\" target=\"_blank\"><span class=\"versaleta\">[pdf]<\/span><\/a><\/p>\n<p>Elvira Riera Gil Secretaria de Pol\u00edtica Ling\u00fc\u00edstica<\/p>\n<p>An\u00e0lisi sobre pol\u00edtica ling\u00fc\u00edstica, \u00e8tica i responsabilitat. L&#8217;article indaga en la relaci\u00f3 entre diversitat cultural i models pol\u00edtics per aprofundir en conceptes clau per a a la planificaci\u00f3 lng\u00fc\u00edstica en l&#8217;administraci\u00f3 p\u00fablica com s\u00f3n la igualitat i l&#8217;equitat. Aix\u00ed mateix, s&#8217;exposa l&#8217;aportaci\u00f3 de la teoria pol\u00edtica a la diversitat ling\u00fc\u00edstica per extreure&#8217;n conclusions que poden ajudar a orientar la tasca dels planificadors. El treball conclou amb l&#8217;exposici\u00f3 d&#8217;una proposta de bases per a una pol\u00edtica ling\u00fc\u00edstica responsable a Catalunya.\n<\/p><\/blockquote>\n","protected":false},"excerpt":{"rendered":"<p>Ha aparegut el n\u00famero 41 de la revista Llengua i \u00das. Alguns articles s\u00f3n: Els estudis d&#8217;implantaci\u00f3 de la terminologia des d&#8217;una perspectiva socioling\u00fc\u00edstica [pdf] Marina Nogu\u00e9 Pich Universitat de Barcelona F. Xavier Vila i Moreno Universitat de Barcelona Tot i el seu inter\u00e8s interdisciplinari, l&#8217;an\u00e0lisi de l&#8217;\u00fas real de la terminologia ha rom\u00e0s for\u00e7a [&hellip;]<\/p>\n","protected":false},"author":2,"featured_media":0,"comment_status":"open","ping_status":"open","sticky":false,"template":"","format":"standard","meta":{"footnotes":""},"categories":[2,3,10,1,47,19],"tags":[64,283,417],"class_list":["post-380","post","type-post","status-publish","format-standard","hentry","category-comunicacio","category-documentacio","category-formacio","category-general","category-planificacio","category-politica","tag-articles","tag-llengua-i-us","tag-revistes"],"_links":{"self":[{"href":"https:\/\/www.cdlpv.org\/dtl\/wp-json\/wp\/v2\/posts\/380","targetHints":{"allow":["GET"]}}],"collection":[{"href":"https:\/\/www.cdlpv.org\/dtl\/wp-json\/wp\/v2\/posts"}],"about":[{"href":"https:\/\/www.cdlpv.org\/dtl\/wp-json\/wp\/v2\/types\/post"}],"author":[{"embeddable":true,"href":"https:\/\/www.cdlpv.org\/dtl\/wp-json\/wp\/v2\/users\/2"}],"replies":[{"embeddable":true,"href":"https:\/\/www.cdlpv.org\/dtl\/wp-json\/wp\/v2\/comments?post=380"}],"version-history":[{"count":0,"href":"https:\/\/www.cdlpv.org\/dtl\/wp-json\/wp\/v2\/posts\/380\/revisions"}],"wp:attachment":[{"href":"https:\/\/www.cdlpv.org\/dtl\/wp-json\/wp\/v2\/media?parent=380"}],"wp:term":[{"taxonomy":"category","embeddable":true,"href":"https:\/\/www.cdlpv.org\/dtl\/wp-json\/wp\/v2\/categories?post=380"},{"taxonomy":"post_tag","embeddable":true,"href":"https:\/\/www.cdlpv.org\/dtl\/wp-json\/wp\/v2\/tags?post=380"}],"curies":[{"name":"wp","href":"https:\/\/api.w.org\/{rel}","templated":true}]}}