{"id":38,"date":"2007-02-14T12:18:30","date_gmt":"2007-02-14T11:18:30","guid":{"rendered":"http:\/\/www.cdlpv.org\/dtl\/?p=38"},"modified":"2007-02-14T12:18:30","modified_gmt":"2007-02-14T11:18:30","slug":"la-subvencio-compensatoria","status":"publish","type":"post","link":"https:\/\/www.cdlpv.org\/dtl\/2007\/02\/14\/la-subvencio-compensatoria\/","title":{"rendered":"La subvenci\u00f3 compensat\u00f2ria"},"content":{"rendered":"<p>Ja\u00a0tenim ac\u00ed les subvencions compensat\u00f2ries per a la nostra cultura i per a mantenir la ficci\u00f3 de la \u00abprotecci\u00f3\u00bb del catal\u00e0 al Pa\u00eds Valenci\u00e0. Res de pol\u00edtiques actives \u2014normes, pressuposts, plans, programes, activitats, accions&#8230;\u2014, nom\u00e9s la caritat i la \u00abdepend\u00e8ncia\u00bb. I encara sort, m\u00e9s val aix\u00f2 que una (altra) punyada en l&#8217;ull&#8230; Enganxe l&#8217;av\u00eds calentet que ens envia el CIDAJ:<\/p>\n<li>ORDE de 9 de gener de 2007, de la Conselleria de Cultura, Educaci\u00f3 i Esport, per la qual es convoquen ajudes econ\u00f2miques per al doblatge al valenci\u00e0 de produccions audiovisuals. [2007\/972] (DOCV n\u00fam. 5.446, de 08.02.2007) &#8211; <a href=\"http:\/\/www.pre.gva.es\/L\/BASIS\/BDLGVPU\/WEB\/LEV_LISTADOS_TEXTO\/DDW?W%3DSIGNATURA_N=1763+AND+SIGNATURA_A=2007%26R%3DN\" target=\"_blank\" rel=\"nofollow\">vegeu el text<\/a><\/li>\n<li>ORDE de 9 de gener de 2007, de la Conselleria de Cultura, Educaci\u00f3 i Esport, per la qual es convoquen ajudes econ\u00f2miques per a les associacions c\u00edviques sense finalitat lucrativa per a la realitzaci\u00f3 d&#8217;activitats de promoci\u00f3 de l&#8217;\u00fas del valenci\u00e0 en 2007. [2007\/971] (DOCV n\u00fam. 5.446, de 08.02.2007) &#8211; <a href=\"http:\/\/www.pre.gva.es\/L\/BASIS\/BDLGVPU\/WEB\/LEV_LISTADOS_TEXTO\/DDW?W%3DSIGNATURA_N=1762+AND+SIGNATURA_A=2007%26R%3DN\" target=\"_blank\" rel=\"nofollow\">vegeu el text<\/a><\/li>\n<li>ORDE de 9 de gener de 2007, de la Conselleria de Cultura, Educaci\u00f3 i Esport, per la qual es convoquen ajudes a la traducci\u00f3 i l&#8217;edici\u00f3 d&#8217;obres liter\u00e0ries al valenci\u00e0 i del valenci\u00e0 a altres idiomes per a 2007. [2007\/973] (DOCV n\u00fam. 5.446, de 08.02.2007) &#8211; <a href=\"http:\/\/www.pre.gva.es\/L\/BASIS\/BDLGVPU\/WEB\/LEV_LISTADOS_TEXTO\/DDW?W%3DSIGNATURA_N=1764+AND+SIGNATURA_A=2007%26R%3DN\" target=\"_blank\" rel=\"nofollow\">vegeu el text<\/a>\u00a0\u00a0<\/li>\n","protected":false},"excerpt":{"rendered":"<p>Ja\u00a0tenim ac\u00ed les subvencions compensat\u00f2ries per a la nostra cultura i per a mantenir la ficci\u00f3 de la \u00abprotecci\u00f3\u00bb del catal\u00e0 al Pa\u00eds Valenci\u00e0. Res de pol\u00edtiques actives \u2014normes, pressuposts, plans, programes, activitats, accions&#8230;\u2014, nom\u00e9s la caritat i la \u00abdepend\u00e8ncia\u00bb. I encara sort, m\u00e9s val aix\u00f2 que una (altra) punyada en l&#8217;ull&#8230; Enganxe l&#8217;av\u00eds calentet [&hellip;]<\/p>\n","protected":false},"author":2,"featured_media":0,"comment_status":"open","ping_status":"open","sticky":false,"template":"","format":"standard","meta":{"footnotes":""},"categories":[1,47,28],"tags":[],"class_list":["post-38","post","type-post","status-publish","format-standard","hentry","category-general","category-planificacio","category-subvencions"],"_links":{"self":[{"href":"https:\/\/www.cdlpv.org\/dtl\/wp-json\/wp\/v2\/posts\/38","targetHints":{"allow":["GET"]}}],"collection":[{"href":"https:\/\/www.cdlpv.org\/dtl\/wp-json\/wp\/v2\/posts"}],"about":[{"href":"https:\/\/www.cdlpv.org\/dtl\/wp-json\/wp\/v2\/types\/post"}],"author":[{"embeddable":true,"href":"https:\/\/www.cdlpv.org\/dtl\/wp-json\/wp\/v2\/users\/2"}],"replies":[{"embeddable":true,"href":"https:\/\/www.cdlpv.org\/dtl\/wp-json\/wp\/v2\/comments?post=38"}],"version-history":[{"count":0,"href":"https:\/\/www.cdlpv.org\/dtl\/wp-json\/wp\/v2\/posts\/38\/revisions"}],"wp:attachment":[{"href":"https:\/\/www.cdlpv.org\/dtl\/wp-json\/wp\/v2\/media?parent=38"}],"wp:term":[{"taxonomy":"category","embeddable":true,"href":"https:\/\/www.cdlpv.org\/dtl\/wp-json\/wp\/v2\/categories?post=38"},{"taxonomy":"post_tag","embeddable":true,"href":"https:\/\/www.cdlpv.org\/dtl\/wp-json\/wp\/v2\/tags?post=38"}],"curies":[{"name":"wp","href":"https:\/\/api.w.org\/{rel}","templated":true}]}}