{"id":3778,"date":"2020-12-09T20:30:16","date_gmt":"2020-12-09T19:30:16","guid":{"rendered":"http:\/\/www.cdlpv.org\/dtl\/?p=3778"},"modified":"2021-03-08T14:44:19","modified_gmt":"2021-03-08T13:44:19","slug":"denominacions-oficials-rotova","status":"publish","type":"post","link":"https:\/\/www.cdlpv.org\/dtl\/2020\/12\/09\/denominacions-oficials-rotova\/","title":{"rendered":"Denominacions oficials: R\u00f2tova"},"content":{"rendered":"<p>El municipi R\u00f2tova (Safor) ha fixat la forma oficial del seu nom (<span class=\"versaleta\"><em>docv <\/em>8.966<\/span>, 03.12.2020; <span class=\"versaleta\"><a href=\"http:\/\/www.dogv.gva.es\/datos\/2020\/12\/03\/pdf\/2020_10402.pdf\" target=\"_blank\" rel=\"noopener\"><span class=\"versaleta\">[pdf]<\/span><\/a><\/span>):<\/p>\n<blockquote><p>Decret 191\/2020, de 27 de novembre, del Consell, d&#8217;aprovaci\u00f3 del canvi de denominaci\u00f3 del municipi de R\u00f3tova per la forma exclusiva en valenci\u00e0 R\u00f2tova.<\/p><\/blockquote>\n<p style=\"text-align: right;\">M\u00e9s denominacions oficials en: <a href=\"http:\/\/www.cdlpv.org\/fitxes\/municipis-i-comarques-del-pais-valencia\/\" target=\"_blank\" rel=\"noopener\">Municipis i comarques (PV)<\/a>.<\/p>\n","protected":false},"excerpt":{"rendered":"<p>El municipi R\u00f2tova (Safor) ha fixat la forma oficial del seu nom (docv 8.966, 03.12.2020; [pdf]): Decret 191\/2020, de 27 de novembre, del Consell, d&#8217;aprovaci\u00f3 del canvi de denominaci\u00f3 del municipi de R\u00f3tova per la forma exclusiva en valenci\u00e0 R\u00f2tova. M\u00e9s denominacions oficials en: Municipis i comarques (PV).<\/p>\n","protected":false},"author":56,"featured_media":0,"comment_status":"open","ping_status":"open","sticky":false,"template":"","format":"standard","meta":{"footnotes":""},"categories":[32],"tags":[50],"class_list":["post-3778","post","type-post","status-publish","format-standard","hentry","category-toponimia","tag-administracio-local"],"_links":{"self":[{"href":"https:\/\/www.cdlpv.org\/dtl\/wp-json\/wp\/v2\/posts\/3778","targetHints":{"allow":["GET"]}}],"collection":[{"href":"https:\/\/www.cdlpv.org\/dtl\/wp-json\/wp\/v2\/posts"}],"about":[{"href":"https:\/\/www.cdlpv.org\/dtl\/wp-json\/wp\/v2\/types\/post"}],"author":[{"embeddable":true,"href":"https:\/\/www.cdlpv.org\/dtl\/wp-json\/wp\/v2\/users\/56"}],"replies":[{"embeddable":true,"href":"https:\/\/www.cdlpv.org\/dtl\/wp-json\/wp\/v2\/comments?post=3778"}],"version-history":[{"count":5,"href":"https:\/\/www.cdlpv.org\/dtl\/wp-json\/wp\/v2\/posts\/3778\/revisions"}],"predecessor-version":[{"id":4052,"href":"https:\/\/www.cdlpv.org\/dtl\/wp-json\/wp\/v2\/posts\/3778\/revisions\/4052"}],"wp:attachment":[{"href":"https:\/\/www.cdlpv.org\/dtl\/wp-json\/wp\/v2\/media?parent=3778"}],"wp:term":[{"taxonomy":"category","embeddable":true,"href":"https:\/\/www.cdlpv.org\/dtl\/wp-json\/wp\/v2\/categories?post=3778"},{"taxonomy":"post_tag","embeddable":true,"href":"https:\/\/www.cdlpv.org\/dtl\/wp-json\/wp\/v2\/tags?post=3778"}],"curies":[{"name":"wp","href":"https:\/\/api.w.org\/{rel}","templated":true}]}}