{"id":377,"date":"2008-04-23T12:01:07","date_gmt":"2008-04-23T11:01:07","guid":{"rendered":"http:\/\/www.cdlpv.org\/dtl\/?p=377"},"modified":"2008-04-23T12:01:07","modified_gmt":"2008-04-23T11:01:07","slug":"flaixos-de-cinema-subtitulat-en-catala","status":"publish","type":"post","link":"https:\/\/www.cdlpv.org\/dtl\/2008\/04\/23\/flaixos-de-cinema-subtitulat-en-catala\/","title":{"rendered":"Flaixos de cinema subtitulat en catal\u00e0"},"content":{"rendered":"<p>Els <a href=\"http:\/\/www20.gencat.cat\/portal\/site\/Llengcat\/menuitem.08f45c9e3857090e3285bdb1b0c0e1a0\/?vgnextoid=cedaaa22b7103110VgnVCM1000008d0c1e0aRCRD&#038;vgnextchannel=cedaaa22b7103110VgnVCM1000008d0c1e0aRCRD&#038;vgnextfmt=default\" target=\"_blank\"><em>Flaixos d&#8217;actualitat<\/em><\/a> ens informen de dos noves pel\u00b7l\u00edcules substitulades en catal\u00e0:<\/p>\n<blockquote><p>\nEl 25 d\u2019abril s\u2019estrenen dues noves pel\u00b7l\u00edcules en catal\u00e0: <em>Rudy, un porquet de carreres<\/em>, doblada en catal\u00e0, i <em>Things We Lost in the Fire<\/em> <em>(Coses que vam perdre amb el foc)<\/em>, en versi\u00f3 original subtitulada en catal\u00e0.<\/p>\n<p>Podeu consultar m\u00e9s informaci\u00f3 sobre aquestes pel\u00b7l\u00edcules i sobre la cartellera de cinema en catal\u00e0 a:<\/p>\n<p><a href=\"http:\/\/www20.gencat.cat\/portal\/site\/Llengcat\/menuitem.f28ed3fdfa04e1e7a129d410b0c0e1a0\/?vgnextoid=df71f9465ff61110VgnVCM1000000b0c1e0aRCRD&#038;vgnextchannel=df71f9465ff61110VgnVCM1000000b0c1e0aRCRD&#038;vgnextfmt=default\" target=\"_blank\">Agenda de cinema en catal\u00e0<\/a>\n<\/p><\/blockquote>\n","protected":false},"excerpt":{"rendered":"<p>Els Flaixos d&#8217;actualitat ens informen de dos noves pel\u00b7l\u00edcules substitulades en catal\u00e0: El 25 d\u2019abril s\u2019estrenen dues noves pel\u00b7l\u00edcules en catal\u00e0: Rudy, un porquet de carreres, doblada en catal\u00e0, i Things We Lost in the Fire (Coses que vam perdre amb el foc), en versi\u00f3 original subtitulada en catal\u00e0. Podeu consultar m\u00e9s informaci\u00f3 sobre aquestes [&hellip;]<\/p>\n","protected":false},"author":2,"featured_media":0,"comment_status":"open","ping_status":"open","sticky":false,"template":"","format":"standard","meta":{"footnotes":""},"categories":[1],"tags":[206,361],"class_list":["post-377","post","type-post","status-publish","format-standard","hentry","category-general","tag-flaixos-dactualitat","tag-pellicules"],"_links":{"self":[{"href":"https:\/\/www.cdlpv.org\/dtl\/wp-json\/wp\/v2\/posts\/377","targetHints":{"allow":["GET"]}}],"collection":[{"href":"https:\/\/www.cdlpv.org\/dtl\/wp-json\/wp\/v2\/posts"}],"about":[{"href":"https:\/\/www.cdlpv.org\/dtl\/wp-json\/wp\/v2\/types\/post"}],"author":[{"embeddable":true,"href":"https:\/\/www.cdlpv.org\/dtl\/wp-json\/wp\/v2\/users\/2"}],"replies":[{"embeddable":true,"href":"https:\/\/www.cdlpv.org\/dtl\/wp-json\/wp\/v2\/comments?post=377"}],"version-history":[{"count":0,"href":"https:\/\/www.cdlpv.org\/dtl\/wp-json\/wp\/v2\/posts\/377\/revisions"}],"wp:attachment":[{"href":"https:\/\/www.cdlpv.org\/dtl\/wp-json\/wp\/v2\/media?parent=377"}],"wp:term":[{"taxonomy":"category","embeddable":true,"href":"https:\/\/www.cdlpv.org\/dtl\/wp-json\/wp\/v2\/categories?post=377"},{"taxonomy":"post_tag","embeddable":true,"href":"https:\/\/www.cdlpv.org\/dtl\/wp-json\/wp\/v2\/tags?post=377"}],"curies":[{"name":"wp","href":"https:\/\/api.w.org\/{rel}","templated":true}]}}