{"id":3769,"date":"2020-11-27T16:30:01","date_gmt":"2020-11-27T15:30:01","guid":{"rendered":"http:\/\/www.cdlpv.org\/dtl\/?p=3769"},"modified":"2020-12-09T13:30:30","modified_gmt":"2020-12-09T12:30:30","slug":"clar-i-valencia-en-la-televisio","status":"publish","type":"post","link":"https:\/\/www.cdlpv.org\/dtl\/2020\/11\/27\/clar-i-valencia-en-la-televisio\/","title":{"rendered":"\u00abClar i valenci\u00e0\u00bb en la televisi\u00f3"},"content":{"rendered":"<p><iframe loading=\"lazy\" title=\"Clar i valenci\u00e0. Episodi 1\" src=\"https:\/\/www.youtube.com\/embed\/zSYZgJAb7Mc\" width=\"\" height=\"\" frameborder=\"1\" allowfullscreen=\"allowfullscreen\"><\/iframe><\/p>\n<p>L&#8217;associaci\u00f3 Taula de Filologia Valenciana ha comen\u00e7at una col\u00b7laboraci\u00f3 amb el canal televisiu La 8 Mediterr\u00e1neo. La iniciativa consistix a emetre una secci\u00f3 informativa denominada \u00abClar i valenci\u00e0\u00bb dins dels informatius de la cadena.<\/p>\n<p>L&#8217;emissi\u00f3 vol ser un petit espai de difusi\u00f3 de les caracter\u00edstiques generals i de les possibilitats d&#8217;\u00fas de la llengua general. La idea de fons de l&#8217;espai \u00e9s que conv\u00e9 aprendre a apreciar les variants i els registres fonamentats en el valenci\u00e0 general. Tal com exposava Abelard Saragoss\u00e0 en el primer episodi i expliquen en el web de <span class=\"versaleta\"><a href=\"https:\/\/filologiavalenciana.org\/2020\/11\/23\/naix-clar-i-valencia-en-la-8-mediterraneo\/\" target=\"_blank\" rel=\"noopener\">tvf<\/a><\/span>, es tracta de \u00abmostrar la qualitat del valenci\u00e0 viu i les seues estructures definit\u00f2ries\u00bb.<\/p>\n<p>A continuaci\u00f3, enlla\u00e7os als episodis esmesos fins ara, amb una descripci\u00f3 sint\u00e8tica del tema tractat:<\/p>\n<ul>\n<li><a href=\"https:\/\/www.youtube.com\/watch?v=zSYZgJAb7Mc&amp;ab_channel=La8mediterr%C3%A1neo\" target=\"_blank\" rel=\"nofollow noopener noreferrer\">Episodi 1<\/a>. Abelard Saragoss\u00e0. Qualitats positives del valenci\u00e0 general.<\/li>\n<li><a href=\"https:\/\/www.youtube.com\/watch?v=raRIJv8mHs4&amp;ab_channel=La8mediterr%C3%A1neo\" target=\"_blank\" rel=\"nofollow noopener noreferrer\">Episodi 2<\/a>. Abelard Saragoss\u00e0. Model valenci\u00e0 digne i natural, identificador i assimilable.<\/li>\n<li><a href=\"https:\/\/www.youtube.com\/watch?v=9SMxx7o6wNo\" target=\"_blank\" rel=\"nofollow noopener noreferrer\">Episodi 3<\/a>. Abelard Saragoss\u00e0. Model ling\u00fc\u00edstic que incremente la cohesi\u00f3 de la societat.<\/li>\n<li><a href=\"https:\/\/www.youtube.com\/watch?v=Njs4wTxbu44\" target=\"_blank\" rel=\"nofollow noopener noreferrer\">Episodi 4<\/a>. Leo Gim\u00e9nez. Acosta i apropar.<\/li>\n<li><a href=\"https:\/\/www.youtube.com\/watch?v=c6TZTBztXVA\" target=\"_blank\" rel=\"nofollow noopener noreferrer\">Episodi 5<\/a>. Llu\u00eds Mesa. Palometa i papallona.<\/li>\n<\/ul>\n<p>&nbsp;<\/p>\n","protected":false},"excerpt":{"rendered":"<p>L&#8217;associaci\u00f3 Taula de Filologia Valenciana ha comen\u00e7at una col\u00b7laboraci\u00f3 amb el canal televisiu La 8 Mediterr\u00e1neo. La iniciativa consistix a emetre una secci\u00f3 informativa denominada \u00abClar i valenci\u00e0\u00bb dins dels informatius de la cadena. L&#8217;emissi\u00f3 vol ser un petit espai de difusi\u00f3 de les caracter\u00edstiques generals i de les possibilitats d&#8217;\u00fas de la llengua general. [&hellip;]<\/p>\n","protected":false},"author":56,"featured_media":0,"comment_status":"open","ping_status":"open","sticky":false,"template":"","format":"standard","meta":{"footnotes":""},"categories":[2,528,10,17,19],"tags":[463,465,472],"class_list":["post-3769","post","type-post","status-publish","format-standard","hentry","category-comunicacio","category-criteris","category-formacio","category-normativa","category-politica","tag-tecnics","tag-televisio","tag-tfv"],"_links":{"self":[{"href":"https:\/\/www.cdlpv.org\/dtl\/wp-json\/wp\/v2\/posts\/3769","targetHints":{"allow":["GET"]}}],"collection":[{"href":"https:\/\/www.cdlpv.org\/dtl\/wp-json\/wp\/v2\/posts"}],"about":[{"href":"https:\/\/www.cdlpv.org\/dtl\/wp-json\/wp\/v2\/types\/post"}],"author":[{"embeddable":true,"href":"https:\/\/www.cdlpv.org\/dtl\/wp-json\/wp\/v2\/users\/56"}],"replies":[{"embeddable":true,"href":"https:\/\/www.cdlpv.org\/dtl\/wp-json\/wp\/v2\/comments?post=3769"}],"version-history":[{"count":5,"href":"https:\/\/www.cdlpv.org\/dtl\/wp-json\/wp\/v2\/posts\/3769\/revisions"}],"predecessor-version":[{"id":3775,"href":"https:\/\/www.cdlpv.org\/dtl\/wp-json\/wp\/v2\/posts\/3769\/revisions\/3775"}],"wp:attachment":[{"href":"https:\/\/www.cdlpv.org\/dtl\/wp-json\/wp\/v2\/media?parent=3769"}],"wp:term":[{"taxonomy":"category","embeddable":true,"href":"https:\/\/www.cdlpv.org\/dtl\/wp-json\/wp\/v2\/categories?post=3769"},{"taxonomy":"post_tag","embeddable":true,"href":"https:\/\/www.cdlpv.org\/dtl\/wp-json\/wp\/v2\/tags?post=3769"}],"curies":[{"name":"wp","href":"https:\/\/api.w.org\/{rel}","templated":true}]}}