{"id":376,"date":"2008-04-23T09:36:56","date_gmt":"2008-04-23T08:36:56","guid":{"rendered":"http:\/\/www.cdlpv.org\/dtl\/?p=376"},"modified":"2008-04-23T09:36:56","modified_gmt":"2008-04-23T08:36:56","slug":"ajudes-de-lavl-i-premis-de-la-generalitat-dassaig-fogueres-i-barraques","status":"publish","type":"post","link":"https:\/\/www.cdlpv.org\/dtl\/2008\/04\/23\/ajudes-de-lavl-i-premis-de-la-generalitat-dassaig-fogueres-i-barraques\/","title":{"rendered":"Ajudes de l&#8217;AVL i premis de la Generalitat d&#8217;assaig, fogueres i barraques"},"content":{"rendered":"<p>El <span class=\"versaleta\">cidaj<\/span> ens envia la informaci\u00f3 seg\u00fcent:<\/p>\n<blockquote>\n<ul>\n<li>RESOLUCI\u00d3 d&#8217;1 d&#8217;abril de 2008, de la Presid\u00e8ncia de l&#8217;Acad\u00e8mia Valenciana de la Llengua, per la qual es publica l&#8217;acord de la Junta de Govern, de 4 de mar\u00e7 de 2008, pel qual s&#8217;adjudiquen les ajudes a la difusi\u00f3 i promoci\u00f3 del valenci\u00e0 en els centres valencians de l&#8217;exterior corresponents a la convocat\u00f2ria de 2008. [2008\/4153] (<span class=\"versaleta\"><em>docv<\/em><\/span> n\u00fam. 5.743, de 16.04.2008)<br \/>\n<a href=\"http:\/\/www.pre.gva.es\/L\/BASIS\/BDLGVPU\/WEB\/LEV_LISTADOS_TEXTO\/DDW?W=SIGNATURA_N=4448+AND+SIGNATURA_A=2008&#038;R=N\" target=\"_blank\">&#8211; vegeu text<\/a><\/p>\n<li>RESOLUCI\u00d3 d&#8217;1 d&#8217;abril de 2008, de la Presid\u00e8ncia de l&#8217;Acad\u00e8mia Valenciana de la Llengua, per la qual es publica l&#8217;acord de la Junta de Govern, de 4 de mar\u00e7 de 2008, pel qual s&#8217;adjudiquen les ajudes per a cursos de valenci\u00e0 adre\u00e7ats als immigrants corresponents a la convocat\u00f2ria 2008. [2008\/4154] (<span class=\"versaleta\"><em>docv<\/em><\/span> n\u00fam. 5.743, de 16.04.2008)<br \/>\n<a href=\"http:\/\/www.pre.gva.es\/L\/BASIS\/BDLGVPU\/WEB\/LEV_LISTADOS_TEXTO\/DDW?W=SIGNATURA_N=4449+AND+SIGNATURA_A=2008&#038;R=N\" target=\"_blank\">&#8211; vegeu text<\/a><\/p>\n<li>RESOLUCI\u00d3 d&#8217;1 d&#8217;abril de 2008, de la Presid\u00e8ncia de l&#8217;Acad\u00e8mia Valenciana de la Llengua, per la qual es publica l&#8217;acord de la Junta de Govern, de 19 de febrer de 2008, pel qual s&#8217;adjudiquen les ajudes a les beques per a fer treballs d&#8217;investigaci\u00f3 sobre el valenci\u00e0 corresponent a la convocat\u00f2ria de 2008. [2008\/4156] (<span class=\"versaleta\"><em>docv<\/em><\/span> n\u00fam. 5.743, de 16.04.2008)<br \/>\n<a href=\"http:\/\/www.pre.gva.es\/L\/BASIS\/BDLGVPU\/WEB\/LEV_LISTADOS_TEXTO\/DDW?W=SIGNATURA_N=4450+AND+SIGNATURA_A=2008&#038;R=N\" target=\"_blank\">&#8211; vegeu text<\/a><\/p>\n<li>ORDE de 14 de mar\u00e7 de 2008 de la Conselleria de Cultura i Esport, per la qual s&#8217;aproven les bases i es convoquen els premis d&#8217;Assaig de la Generalitat. [2008\/4528] (<span class=\"versaleta\"><em>docv<\/em><\/span> n\u00fam. 5.745, de 18.04.2008)<br \/>\n<a href=\"http:\/\/www.pre.gva.es\/L\/BASIS\/BDLGVPU\/WEB\/LEV_LISTADOS_TEXTO\/DDW?W=SIGNATURA_N=4655+AND+SIGNATURA_A=2008&#038;R=N\" target=\"_blank\">&#8211; vegeu text<\/a><\/p>\n<li>ORDE de 3 d&#8217;abril de 2008, de la Conselleria d&#8217;Educaci\u00f3, per la qual es convoquen els premis de la Generalitat per a activitats de promoci\u00f3 de l&#8217;\u00fas del valenci\u00e0 realitzades per les comissions de fogueres i barraques en l&#8217;\u00e0mbit de la Comunitat Valenciana en 2008. [2008\/4657] (<span class=\"versaleta\"><em>docv<\/em><\/span> n\u00fam. 5.746, de 21.04.2008)<br \/>\n<a href=\"http:\/\/www.pre.gva.es\/L\/BASIS\/BDLGVPU\/WEB\/LEV_LISTADOS_TEXTO\/DDW?W=SIGNATURA_N=4722+AND+SIGNATURA_A=2008&#038;R=N\" target=\"_blank\">&#8211; vegeu text<\/a>\n<\/ul>\n<\/blockquote>\n","protected":false},"excerpt":{"rendered":"<p>El cidaj ens envia la informaci\u00f3 seg\u00fcent: RESOLUCI\u00d3 d&#8217;1 d&#8217;abril de 2008, de la Presid\u00e8ncia de l&#8217;Acad\u00e8mia Valenciana de la Llengua, per la qual es publica l&#8217;acord de la Junta de Govern, de 4 de mar\u00e7 de 2008, pel qual s&#8217;adjudiquen les ajudes a la difusi\u00f3 i promoci\u00f3 del valenci\u00e0 en els centres valencians de [&hellip;]<\/p>\n","protected":false},"author":2,"featured_media":0,"comment_status":"open","ping_status":"open","sticky":false,"template":"","format":"standard","meta":{"footnotes":""},"categories":[38,1,28],"tags":[51,380],"class_list":["post-376","post","type-post","status-publish","format-standard","hentry","category-avl","category-general","category-subvencions","tag-ajudes","tag-premis"],"_links":{"self":[{"href":"https:\/\/www.cdlpv.org\/dtl\/wp-json\/wp\/v2\/posts\/376","targetHints":{"allow":["GET"]}}],"collection":[{"href":"https:\/\/www.cdlpv.org\/dtl\/wp-json\/wp\/v2\/posts"}],"about":[{"href":"https:\/\/www.cdlpv.org\/dtl\/wp-json\/wp\/v2\/types\/post"}],"author":[{"embeddable":true,"href":"https:\/\/www.cdlpv.org\/dtl\/wp-json\/wp\/v2\/users\/2"}],"replies":[{"embeddable":true,"href":"https:\/\/www.cdlpv.org\/dtl\/wp-json\/wp\/v2\/comments?post=376"}],"version-history":[{"count":0,"href":"https:\/\/www.cdlpv.org\/dtl\/wp-json\/wp\/v2\/posts\/376\/revisions"}],"wp:attachment":[{"href":"https:\/\/www.cdlpv.org\/dtl\/wp-json\/wp\/v2\/media?parent=376"}],"wp:term":[{"taxonomy":"category","embeddable":true,"href":"https:\/\/www.cdlpv.org\/dtl\/wp-json\/wp\/v2\/categories?post=376"},{"taxonomy":"post_tag","embeddable":true,"href":"https:\/\/www.cdlpv.org\/dtl\/wp-json\/wp\/v2\/tags?post=376"}],"curies":[{"name":"wp","href":"https:\/\/api.w.org\/{rel}","templated":true}]}}