{"id":3756,"date":"2020-09-29T20:30:32","date_gmt":"2020-09-29T19:30:32","guid":{"rendered":"http:\/\/www.cdlpv.org\/dtl\/?p=3756"},"modified":"2020-10-06T11:49:01","modified_gmt":"2020-10-06T10:49:01","slug":"herbers-i-castello","status":"publish","type":"post","link":"https:\/\/www.cdlpv.org\/dtl\/2020\/09\/29\/herbers-i-castello\/","title":{"rendered":"Denominacions oficials: Herbers i Castell\u00f3"},"content":{"rendered":"<p>Els municipis d&#8217;<a href=\"https:\/\/ca.wikipedia.org\/wiki\/Herbers\" target=\"_blank\" rel=\"nofollow noopener noreferrer\">Herbers<\/a> (Ports) i <a href=\"https:\/\/ca.wikipedia.org\/wiki\/Castell%C3%B3_(la_Ribera_Alta)\" target=\"_blank\" rel=\"nofollow noopener noreferrer\">Castell\u00f3<\/a> (Ribera Alta) han fixat la forma oficial dels seus noms:<\/p>\n<blockquote><p><a href=\"http:\/\/www.dogv.gva.es\/datos\/2020\/09\/08\/pdf\/2020_7060.pdf\" target=\"_blank\" rel=\"nofollow noopener noreferrer\">Decret 111\/2020<\/a>, de 4 de setembre, del Consell, d&#8217;aprovaci\u00f3 del canvi de denominaci\u00f3 del municipi d&#8217;Herb\u00e9s per la forma exclusiva en valenci\u00e0 Herbers.<\/p>\n<p><a href=\"http:\/\/www.dogv.gva.es\/datos\/2020\/09\/08\/pdf\/2020_7061.pdf\" target=\"_blank\" rel=\"nofollow noopener noreferrer\">Decret 112\/2020<\/a>, de 4 de setembre, del Consell, d&#8217;aprovaci\u00f3 del canvi de denominaci\u00f3 del municipi de Villanueva de Castell\u00f3n per la forma exclusiva en valenci\u00e0 \u00abCastell\u00f3\u00bb.<\/p><\/blockquote>\n<hr \/>\n<p style=\"text-align: right;\">M\u00e9s informaci\u00f3: \u00ab<a href=\"http:\/\/www.cdlpv.org\/fitxes\/municipis-i-comarques-del-pais-valencia\/\" target=\"_blank\" rel=\"nofollow noopener noreferrer\">Municipis i comarques del Pa\u00eds Valenci\u00e0<\/a>\u00bb.<\/p>\n","protected":false},"excerpt":{"rendered":"<p>Els municipis d&#8217;Herbers (Ports) i Castell\u00f3 (Ribera Alta) han fixat la forma oficial dels seus noms: Decret 111\/2020, de 4 de setembre, del Consell, d&#8217;aprovaci\u00f3 del canvi de denominaci\u00f3 del municipi d&#8217;Herb\u00e9s per la forma exclusiva en valenci\u00e0 Herbers. Decret 112\/2020, de 4 de setembre, del Consell, d&#8217;aprovaci\u00f3 del canvi de denominaci\u00f3 del municipi de [&hellip;]<\/p>\n","protected":false},"author":56,"featured_media":0,"comment_status":"open","ping_status":"open","sticky":false,"template":"","format":"standard","meta":{"footnotes":""},"categories":[32],"tags":[50],"class_list":["post-3756","post","type-post","status-publish","format-standard","hentry","category-toponimia","tag-administracio-local"],"_links":{"self":[{"href":"https:\/\/www.cdlpv.org\/dtl\/wp-json\/wp\/v2\/posts\/3756","targetHints":{"allow":["GET"]}}],"collection":[{"href":"https:\/\/www.cdlpv.org\/dtl\/wp-json\/wp\/v2\/posts"}],"about":[{"href":"https:\/\/www.cdlpv.org\/dtl\/wp-json\/wp\/v2\/types\/post"}],"author":[{"embeddable":true,"href":"https:\/\/www.cdlpv.org\/dtl\/wp-json\/wp\/v2\/users\/56"}],"replies":[{"embeddable":true,"href":"https:\/\/www.cdlpv.org\/dtl\/wp-json\/wp\/v2\/comments?post=3756"}],"version-history":[{"count":7,"href":"https:\/\/www.cdlpv.org\/dtl\/wp-json\/wp\/v2\/posts\/3756\/revisions"}],"predecessor-version":[{"id":3763,"href":"https:\/\/www.cdlpv.org\/dtl\/wp-json\/wp\/v2\/posts\/3756\/revisions\/3763"}],"wp:attachment":[{"href":"https:\/\/www.cdlpv.org\/dtl\/wp-json\/wp\/v2\/media?parent=3756"}],"wp:term":[{"taxonomy":"category","embeddable":true,"href":"https:\/\/www.cdlpv.org\/dtl\/wp-json\/wp\/v2\/categories?post=3756"},{"taxonomy":"post_tag","embeddable":true,"href":"https:\/\/www.cdlpv.org\/dtl\/wp-json\/wp\/v2\/tags?post=3756"}],"curies":[{"name":"wp","href":"https:\/\/api.w.org\/{rel}","templated":true}]}}