{"id":375,"date":"2008-04-22T15:28:09","date_gmt":"2008-04-22T14:28:09","guid":{"rendered":"http:\/\/www.cdlpv.org\/dtl\/?p=375"},"modified":"2008-04-22T15:28:09","modified_gmt":"2008-04-22T14:28:09","slug":"correccions-per-a-liec","status":"publish","type":"post","link":"https:\/\/www.cdlpv.org\/dtl\/2008\/04\/22\/correccions-per-a-liec\/","title":{"rendered":"Correccions per a l\u2019IEC"},"content":{"rendered":"<p>Xavier Rull ens informa a trav\u00e9s d&#8217;InfoZ\u00e8fir de l&#8217;oferta laboral seg\u00fcent:<\/p>\n<blockquote>\n<h2>Col\u00b7laboracions externes de correcci\u00f3 de textos a l&#8217;IEC<\/h2>\n<p>L&#8217;Institut d&#8217;Estudis Catalans cerca correctors i correctores aut\u00f2noms per a corregir publicacions de l&#8217;Institut des del punt de vista ling\u00fc\u00edstic i ortotipogr\u00e0fic.<\/p>\n<p>El perfil del corrector\/a de textos extern de l&#8217;IEC \u00e9s el seg\u00fcent:<\/p>\n<p>\u2014 \u00c9sser titulat\/ada superior, preferentment, llicenciat\/ada en filologia catalana o en traducci\u00f3 i interpretaci\u00f3 al catal\u00e0.<\/p>\n<p>\u2014 Haver seguit un curs de correcci\u00f3 de textos en una entitat de prestigi reconegut.<\/p>\n<p>\u2014 Haver obtingut el certificat de capacitaci\u00f3 per a la correcci\u00f3 de textos orals i escrits de la Generalitat de Catalunya (antic nivell K de la Junta Permanent de Catal\u00e0) o un t\u00edtol equivalent.<\/p>\n<p>\u2014 Tenir experi\u00e8ncia en la correcci\u00f3 de textos d&#8217;especialitat, tant cient\u00edfics com human\u00edstics.<\/p>\n<p>\u2014 Estar donat d&#8217;alta al r\u00e8gim especial dels treballadors aut\u00f2noms (RETA) de la Seguretat Social.<\/p>\n<p>Si voleu col\u00b7laborar externament com a corrector\/a de textos de l&#8217;Institut d&#8217;Estudis Catalans i teniu els requisits damunt especificats, envieu el curr\u00edculum a l&#8217;adre\u00e7a electr\u00f2nica <a href=\"mailto:correccio.externa@iec.cat\">correccio.externa@iec.cat<\/a>.\n<\/p><\/blockquote>\n","protected":false},"excerpt":{"rendered":"<p>Xavier Rull ens informa a trav\u00e9s d&#8217;InfoZ\u00e8fir de l&#8217;oferta laboral seg\u00fcent: Col\u00b7laboracions externes de correcci\u00f3 de textos a l&#8217;IEC L&#8217;Institut d&#8217;Estudis Catalans cerca correctors i correctores aut\u00f2noms per a corregir publicacions de l&#8217;Institut des del punt de vista ling\u00fc\u00edstic i ortotipogr\u00e0fic. El perfil del corrector\/a de textos extern de l&#8217;IEC \u00e9s el seg\u00fcent: \u2014 \u00c9sser [&hellip;]<\/p>\n","protected":false},"author":2,"featured_media":0,"comment_status":"open","ping_status":"open","sticky":false,"template":"","format":"standard","meta":{"footnotes":""},"categories":[43,1,46,15],"tags":[125,334],"class_list":["post-375","post","type-post","status-publish","format-standard","hentry","category-concursos","category-general","category-iec","category-laboral","tag-correctors","tag-ofertes"],"_links":{"self":[{"href":"https:\/\/www.cdlpv.org\/dtl\/wp-json\/wp\/v2\/posts\/375","targetHints":{"allow":["GET"]}}],"collection":[{"href":"https:\/\/www.cdlpv.org\/dtl\/wp-json\/wp\/v2\/posts"}],"about":[{"href":"https:\/\/www.cdlpv.org\/dtl\/wp-json\/wp\/v2\/types\/post"}],"author":[{"embeddable":true,"href":"https:\/\/www.cdlpv.org\/dtl\/wp-json\/wp\/v2\/users\/2"}],"replies":[{"embeddable":true,"href":"https:\/\/www.cdlpv.org\/dtl\/wp-json\/wp\/v2\/comments?post=375"}],"version-history":[{"count":0,"href":"https:\/\/www.cdlpv.org\/dtl\/wp-json\/wp\/v2\/posts\/375\/revisions"}],"wp:attachment":[{"href":"https:\/\/www.cdlpv.org\/dtl\/wp-json\/wp\/v2\/media?parent=375"}],"wp:term":[{"taxonomy":"category","embeddable":true,"href":"https:\/\/www.cdlpv.org\/dtl\/wp-json\/wp\/v2\/categories?post=375"},{"taxonomy":"post_tag","embeddable":true,"href":"https:\/\/www.cdlpv.org\/dtl\/wp-json\/wp\/v2\/tags?post=375"}],"curies":[{"name":"wp","href":"https:\/\/api.w.org\/{rel}","templated":true}]}}