{"id":3749,"date":"2020-07-20T20:30:58","date_gmt":"2020-07-20T19:30:58","guid":{"rendered":"http:\/\/www.cdlpv.org\/dtl\/?p=3749"},"modified":"2020-07-20T09:47:03","modified_gmt":"2020-07-20T08:47:03","slug":"lonu-es-preocupa-pels-drets-dels-valencianoparlants","status":"publish","type":"post","link":"https:\/\/www.cdlpv.org\/dtl\/2020\/07\/20\/lonu-es-preocupa-pels-drets-dels-valencianoparlants\/","title":{"rendered":"L&#8217;ONU es preocupa pels drets dels valencianoparlants"},"content":{"rendered":"<p>A pesar dels avan\u00e7os puntuals en algun \u00e0mbit, com ara la recuperaci\u00f3 dels mitjans audiovisuals p\u00fablics en valenci\u00e0 al pa\u00eds Valenci\u00e0, la gesti\u00f3 ling\u00fc\u00edstica estatal no ha evolucionat en un sentit d&#8217;obertura, ampliaci\u00f3 i democratitzaci\u00f3, fet que mant\u00e9 l&#8217;\u00fas de les lleng\u00fces (que no siguen el castell\u00e0) i el respecte dels drets dels seus parlants en un estat permanent de precarietat, be\u0140liger\u00e0ncia o incl\u00fas de prohibici\u00f3 de fet, de manera molt acusada en els \u00e0mbits de compet\u00e8ncies estatals.<\/p>\n<p>La situaci\u00f3 de discriminaci\u00f3 ling\u00fc\u00edstica que patim els valencianoparlants d&#8217;arreu del domini ling\u00fc\u00edstic \u00e9s una preocupaci\u00f3 permanent per a les persones afectades directament en els seus drets, per\u00f2 tamb\u00e9 les institucions europees han exposat la seua preocupaci\u00f3 per les defici\u00e8ncies de la gesti\u00f3 ling\u00fc\u00edstica estatal i auton\u00f2mica, tal com vam comentar en apunts anteriors, com ara \u00abEl supremacisme ling\u00fc\u00edstic espanyol\u00bb (<a href=\"https:\/\/www.cdlpv.org\/dtl\/2020\/02\/14\/el-supremacisme-linguistic-espanyol\/\" target=\"_blank\" rel=\"noopener noreferrer\">14.02.2020<\/a>) i \u00abL\u2019estat espanyol i les (seues) lleng\u00fces europees\u00bb (<a href=\"https:\/\/www.cdlpv.org\/dtl\/2019\/12\/12\/lestat-espanyol-i-les-seues-llengues-europees\/\" target=\"_blank\" rel=\"noopener noreferrer\">12.12.2020<\/a>).<\/p>\n<p>Tamb\u00e9 l&#8217;ONU ha hagut de reiterar eixes mancances \u2014davant l&#8217;oposici\u00f3 ret\u00f2rica de l&#8217;estat espanyol\u2014, tal com podem llegir <em>Nosaltres La Veu<\/em> (<a href=\"http:\/\/www.nosaltreslaveu.com\/noticia\/32688\/relator-lonu-minories-nacionals-demana-lestat-espanyol-respecte-drets-linguistics?id_butlleti_enviar=473&amp;utm_source=butlleti_article&amp;utm_medium=butlleti&amp;utm_campaign=relator-lonu-minories-nacionals-demana-lestat-espanyol-respecte-drets-linguistics\" target=\"_blank\" rel=\"noopener noreferrer\">14.07.2020<\/a>):<\/p>\n<blockquote>\n<h2>El relator especial de l\u2019ONU per a les Minories Nacionals demana que l&#8217;Estat espanyol respecte els drets ling\u00fc\u00edstics dels parlants de catal\u00e0<\/h2>\n<\/blockquote>\n<p>Podeu trobar m\u00e9s dades sobre la q\u00fcesti\u00f3 en l&#8217;informe del relator especial sobre q\u00fcestions de minories de l&#8217;ONU i en un informe elaborat per la Plataforma per la llengua:<\/p>\n<ul>\n<li>ONU (<a href=\"https:\/\/undocs.org\/es\/A\/HRC\/43\/47\/Add.1\" target=\"_blank\" rel=\"noopener noreferrer\">09.03.2020<\/a>): \u00abInforme del relator especial sobre q\u00fcestons de minories de l&#8217;ONU\u00bb<\/li>\n<li>Plataforma per la Llengua (consulta: <a href=\"https:\/\/www.plataforma-llengua.cat\/media\/upload\/arxius\/ambits-treball\/Internacional\/InformeRelatorONU_Catala%CC%80_Final%20.pdf\" target=\"_blank\" rel=\"noopener noreferrer\">20.07.2020<\/a>): \u00abLa situaci\u00f3 de la minoriacatalana a Espanya segons l&#8217;ONU\u00bb<\/li>\n<\/ul>\n","protected":false},"excerpt":{"rendered":"<p>A pesar dels avan\u00e7os puntuals en algun \u00e0mbit, com ara la recuperaci\u00f3 dels mitjans audiovisuals p\u00fablics en valenci\u00e0 al pa\u00eds Valenci\u00e0, la gesti\u00f3 ling\u00fc\u00edstica estatal no ha evolucionat en un sentit d&#8217;obertura, ampliaci\u00f3 i democratitzaci\u00f3, fet que mant\u00e9 l&#8217;\u00fas de les lleng\u00fces (que no siguen el castell\u00e0) i el respecte dels drets dels seus parlants [&hellip;]<\/p>\n","protected":false},"author":56,"featured_media":0,"comment_status":"open","ping_status":"open","sticky":false,"template":"","format":"standard","meta":{"footnotes":""},"categories":[3,4,47,19,27],"tags":[159,340],"class_list":["post-3749","post","type-post","status-publish","format-standard","hentry","category-documentacio","category-dret","category-planificacio","category-politica","category-sociolinguistica","tag-drets-linguistics","tag-onu"],"_links":{"self":[{"href":"https:\/\/www.cdlpv.org\/dtl\/wp-json\/wp\/v2\/posts\/3749","targetHints":{"allow":["GET"]}}],"collection":[{"href":"https:\/\/www.cdlpv.org\/dtl\/wp-json\/wp\/v2\/posts"}],"about":[{"href":"https:\/\/www.cdlpv.org\/dtl\/wp-json\/wp\/v2\/types\/post"}],"author":[{"embeddable":true,"href":"https:\/\/www.cdlpv.org\/dtl\/wp-json\/wp\/v2\/users\/56"}],"replies":[{"embeddable":true,"href":"https:\/\/www.cdlpv.org\/dtl\/wp-json\/wp\/v2\/comments?post=3749"}],"version-history":[{"count":1,"href":"https:\/\/www.cdlpv.org\/dtl\/wp-json\/wp\/v2\/posts\/3749\/revisions"}],"predecessor-version":[{"id":3750,"href":"https:\/\/www.cdlpv.org\/dtl\/wp-json\/wp\/v2\/posts\/3749\/revisions\/3750"}],"wp:attachment":[{"href":"https:\/\/www.cdlpv.org\/dtl\/wp-json\/wp\/v2\/media?parent=3749"}],"wp:term":[{"taxonomy":"category","embeddable":true,"href":"https:\/\/www.cdlpv.org\/dtl\/wp-json\/wp\/v2\/categories?post=3749"},{"taxonomy":"post_tag","embeddable":true,"href":"https:\/\/www.cdlpv.org\/dtl\/wp-json\/wp\/v2\/tags?post=3749"}],"curies":[{"name":"wp","href":"https:\/\/api.w.org\/{rel}","templated":true}]}}