{"id":373,"date":"2008-04-18T09:18:18","date_gmt":"2008-04-18T08:18:18","guid":{"rendered":"http:\/\/www.cdlpv.org\/dtl\/?p=373"},"modified":"2008-04-18T09:18:18","modified_gmt":"2008-04-18T08:18:18","slug":"els-xiquets-que-parlen-a-la-televisio","status":"publish","type":"post","link":"https:\/\/www.cdlpv.org\/dtl\/2008\/04\/18\/els-xiquets-que-parlen-a-la-televisio\/","title":{"rendered":"Els xiquets que parlen a la televisi\u00f3"},"content":{"rendered":"<p><img align=\"right\" src='http:\/\/www.cdlpv.org\/dtl\/wp-content\/ratllis.thumbnail.jpg' alt='No em ratllis!' \/><br \/>\n\u00bfVos vau perdre l&#8217;\u00faltim <a href=\"http:\/\/www.tv3.cat\/programa\/216210913\" target=\"_blank\"><em>No em ratllis!<\/em><\/a>? <a href=\"http:\/\/bibiloni.cat\/blog\/?p=381\" target=\"_blank\">Gabriel Bibiloni<\/a> ha fet uns retalls interessant ac\u00ed i all\u00e0 i podeu sentir qu\u00e8 van dir el xiquets <em>catalunyesos<\/em> del seu pa\u00eds:<\/p>\n[audio:http:\/\/idd01yq8.en.eresmas.net\/audio\/ratllis.mp3]\n","protected":false},"excerpt":{"rendered":"<p>\u00bfVos vau perdre l&#8217;\u00faltim No em ratllis!? Gabriel Bibiloni ha fet uns retalls interessant ac\u00ed i all\u00e0 i podeu sentir qu\u00e8 van dir el xiquets catalunyesos del seu pa\u00eds: [audio:http:\/\/idd01yq8.en.eresmas.net\/audio\/ratllis.mp3]<\/p>\n","protected":false},"author":2,"featured_media":0,"comment_status":"open","ping_status":"open","sticky":false,"template":"","format":"standard","meta":{"footnotes":""},"categories":[2,1,34],"tags":[211,328,522],"class_list":["post-373","post","type-post","status-publish","format-standard","hentry","category-comunicacio","category-general","category-tv3","tag-fonetica","tag-no-em-ratllis","tag-xiquets"],"_links":{"self":[{"href":"https:\/\/www.cdlpv.org\/dtl\/wp-json\/wp\/v2\/posts\/373","targetHints":{"allow":["GET"]}}],"collection":[{"href":"https:\/\/www.cdlpv.org\/dtl\/wp-json\/wp\/v2\/posts"}],"about":[{"href":"https:\/\/www.cdlpv.org\/dtl\/wp-json\/wp\/v2\/types\/post"}],"author":[{"embeddable":true,"href":"https:\/\/www.cdlpv.org\/dtl\/wp-json\/wp\/v2\/users\/2"}],"replies":[{"embeddable":true,"href":"https:\/\/www.cdlpv.org\/dtl\/wp-json\/wp\/v2\/comments?post=373"}],"version-history":[{"count":0,"href":"https:\/\/www.cdlpv.org\/dtl\/wp-json\/wp\/v2\/posts\/373\/revisions"}],"wp:attachment":[{"href":"https:\/\/www.cdlpv.org\/dtl\/wp-json\/wp\/v2\/media?parent=373"}],"wp:term":[{"taxonomy":"category","embeddable":true,"href":"https:\/\/www.cdlpv.org\/dtl\/wp-json\/wp\/v2\/categories?post=373"},{"taxonomy":"post_tag","embeddable":true,"href":"https:\/\/www.cdlpv.org\/dtl\/wp-json\/wp\/v2\/tags?post=373"}],"curies":[{"name":"wp","href":"https:\/\/api.w.org\/{rel}","templated":true}]}}