{"id":3729,"date":"2020-06-16T18:38:55","date_gmt":"2020-06-16T17:38:55","guid":{"rendered":"http:\/\/www.cdlpv.org\/dtl\/?p=3729"},"modified":"2020-06-17T08:54:02","modified_gmt":"2020-06-17T07:54:02","slug":"censura-linguistica-institucional-a-lestat-espanyol","status":"publish","type":"post","link":"https:\/\/www.cdlpv.org\/dtl\/2020\/06\/16\/censura-linguistica-institucional-a-lestat-espanyol\/","title":{"rendered":"Censura ling\u00fc\u00edstica institucional a l&#8217;estat espanyol"},"content":{"rendered":"<p>Encara no hem de acabat de combatre la pand\u00e8mia sanit\u00e0ria del c\u00f2vid i ja tornem a patir l&#8217;epid\u00e8mia ideol\u00f2gica que envisca els tribunals espanyols. Segons els titulars:<\/p>\n<ul>\n<li><em>Ara.cat,<\/em>\u00a0<a href=\"https:\/\/www.ara.cat\/paisvalencia\/TSJPV-articles-del-prioritza-administracio_0_2053594809.html\" target=\"_blank\" rel=\"noopener noreferrer\">18.07.2018<\/a>: \u00abAnul\u00b7lada part de la norma que prioritza l&#8217;\u00fas del valenci\u00e0 perqu\u00e8 &#8220;nom\u00e9s \u00e9s obligatori saber castell\u00e0&#8221;\u00bb<\/li>\n<li><em>Ara.cat,<\/em> <a href=\"https:\/\/www.ara.cat\/paisvalencia\/valencia-catala-Tribunal-Suprem-comunicacions-sentencia-Vicent-Marza_0_2472952770.html\" target=\"_blank\" rel=\"noopener noreferrer\">16.06.2020<\/a>: \u00abEl Consell recorrer\u00e0 la sent\u00e8ncia que obliga els governs catal\u00e0 i valenci\u00e0 a comunicar-se en castell\u00e0\u00bb<\/li>\n<li><em>El Temps<\/em>, <a href=\"https:\/\/www.eltemps.cat\/article\/10592\/lenfangada-linguistica-del-tribunal-suprem\" target=\"_blank\" rel=\"noopener noreferrer\">16.06.2020<\/a>: \u00abL&#8217;enfangada ling\u00fc\u00edstica del Tribunal Suprem\u00bb<\/li>\n<li><em>Eldiario.es,<\/em> <a href=\"https:\/\/www.eldiario.es\/cv\/politica\/Supremo-obligacion-Generalitat-Valenciana-castellano_0_1038346223.html\" target=\"_blank\" rel=\"noopener noreferrer\">15.06.2020<\/a>: \u00abEl Supremo confirma la obligaci\u00f3n de la Generalitat Valenciana de dirigirse a los gobiernos catal\u00e1n y balear en castellano\u00bb<\/li>\n<li><em>dBalears,<\/em> <a href=\"https:\/\/www.dbalears.cat\/estat\/2020\/06\/14\/340591\/tribunal-suprem-espanyol-sentencia-les-balears-catalunya-pais-valencia-han-comunicar-castella.html\" target=\"_blank\" rel=\"noopener noreferrer\">14.06.2020<\/a>: \u00abEl Tribunal Suprem espanyol sentencia que les Balears, Catalunya i el Pa\u00eds Valenci\u00e0 s&#8217;han de comunicar en castell\u00e0\u00bb<\/li>\n<\/ul>\n<p>Segurament per provar si actua com a mesura profil\u00e0ctica o antiv\u00edrica, l&#8217;Institut d&#8217;Estudis Catalans ha em\u00e9s r\u00e0pidament una <a href=\"https:\/\/www.iec.cat\/activitats\/noticiasencera.asp?id_noticies=2810\" target=\"_blank\" rel=\"noopener noreferrer\">declaraci\u00f3<\/a>:<\/p>\n<blockquote><p>\u00abDeclaraci\u00f3 de l\u2019Institut d\u2019Estudis Catalans arran de la Sent\u00e8ncia del Tribunal Suprem 634\/2020, sobre els usos institucionals i administratius de les lleng\u00fces oficials\u00bb<\/p><\/blockquote>\n<p>Podem destacar un aspecte de la declaraci\u00f3 que incidix en una mancan\u00e7a dels poders p\u00fablics espanyols (especialment en el cas del poder judicial) pel que fa a l&#8217;aplicaci\u00f3 constitucional:<\/p>\n<blockquote><p>&#8230; la <a href=\"https:\/\/www.cdlpv.org\/dtl\/celrom\/\" target=\"_blank\" rel=\"nofollow noopener noreferrer\">Carta de les Lleng\u00fces Regionals i Minorit\u00e0ries<\/a>, l\u2019article 7.1.b de la qual estableix, com a criteri de les pol\u00edtiques ling\u00fc\u00edstiques, \u00abel respecte a l\u2019\u00e0rea geogr\u00e0fica de cada llengua regional o minorit\u00e0ria, de manera que assegurin que les divisions administratives ja existents o noves no constitueixen cap obstacle a la promoci\u00f3 d\u2019aquesta llengua regional o minorit\u00e0ria\u00bb.<\/p><\/blockquote>\n<p>\u00c9s possible que la c\u00fapula judicial practique una ideologia predemocr\u00e0tica en este \u00e0mbit, per\u00f2 l&#8217;estat espanyol hauria d&#8217;esmenar eixes defici\u00e8ncies i hauria de posar els mitjans per a complir amb efic\u00e0cia i rigor l&#8217;article 10.2 de la <a href=\"https:\/\/www.parlament.cat\/document\/nom\/ConstitucioConsolidat.pdf\" target=\"_blank\" rel=\"nofollow noopener noreferrer\">Constituci\u00f3 espanyola<\/a>, pel qual s&#8217;obliga a complir els acords internacionals ratificats per Espanya.<\/p>\n","protected":false},"excerpt":{"rendered":"<p>Encara no hem de acabat de combatre la pand\u00e8mia sanit\u00e0ria del c\u00f2vid i ja tornem a patir l&#8217;epid\u00e8mia ideol\u00f2gica que envisca els tribunals espanyols. Segons els titulars: Ara.cat,\u00a018.07.2018: \u00abAnul\u00b7lada part de la norma que prioritza l&#8217;\u00fas del valenci\u00e0 perqu\u00e8 &#8220;nom\u00e9s \u00e9s obligatori saber castell\u00e0&#8221;\u00bb Ara.cat, 16.06.2020: \u00abEl Consell recorrer\u00e0 la sent\u00e8ncia que obliga els governs [&hellip;]<\/p>\n","protected":false},"author":56,"featured_media":0,"comment_status":"open","ping_status":"open","sticky":false,"template":"","format":"standard","meta":{"footnotes":""},"categories":[36,4,14,47,27,33],"tags":[49,239,435],"class_list":["post-3729","post","type-post","status-publish","format-standard","hentry","category-allofobia","category-dret","category-jurisprudencia","category-planificacio","category-sociolinguistica","category-ts","tag-administracio-espanyola","tag-iec","tag-sentencies"],"_links":{"self":[{"href":"https:\/\/www.cdlpv.org\/dtl\/wp-json\/wp\/v2\/posts\/3729","targetHints":{"allow":["GET"]}}],"collection":[{"href":"https:\/\/www.cdlpv.org\/dtl\/wp-json\/wp\/v2\/posts"}],"about":[{"href":"https:\/\/www.cdlpv.org\/dtl\/wp-json\/wp\/v2\/types\/post"}],"author":[{"embeddable":true,"href":"https:\/\/www.cdlpv.org\/dtl\/wp-json\/wp\/v2\/users\/56"}],"replies":[{"embeddable":true,"href":"https:\/\/www.cdlpv.org\/dtl\/wp-json\/wp\/v2\/comments?post=3729"}],"version-history":[{"count":5,"href":"https:\/\/www.cdlpv.org\/dtl\/wp-json\/wp\/v2\/posts\/3729\/revisions"}],"predecessor-version":[{"id":3734,"href":"https:\/\/www.cdlpv.org\/dtl\/wp-json\/wp\/v2\/posts\/3729\/revisions\/3734"}],"wp:attachment":[{"href":"https:\/\/www.cdlpv.org\/dtl\/wp-json\/wp\/v2\/media?parent=3729"}],"wp:term":[{"taxonomy":"category","embeddable":true,"href":"https:\/\/www.cdlpv.org\/dtl\/wp-json\/wp\/v2\/categories?post=3729"},{"taxonomy":"post_tag","embeddable":true,"href":"https:\/\/www.cdlpv.org\/dtl\/wp-json\/wp\/v2\/tags?post=3729"}],"curies":[{"name":"wp","href":"https:\/\/api.w.org\/{rel}","templated":true}]}}