{"id":3725,"date":"2020-04-29T16:30:59","date_gmt":"2020-04-29T15:30:59","guid":{"rendered":"http:\/\/www.cdlpv.org\/dtl\/?p=3725"},"modified":"2020-04-29T10:41:31","modified_gmt":"2020-04-29T09:41:31","slug":"pindoles-en-castella-contra-la-covid-19","status":"publish","type":"post","link":"https:\/\/www.cdlpv.org\/dtl\/2020\/04\/29\/pindoles-en-castella-contra-la-covid-19\/","title":{"rendered":"P\u00edndoles en castell\u00e0 contra la covid-19"},"content":{"rendered":"<p>Arran de la pand\u00e8mia de la covid-19 tornem a observar mostres de mala gesti\u00f3 ling\u00fc\u00edstica en la Generalitat valenciana. En les <a href=\"http:\/\/www.ivap.gva.es\/va\/pildores-formatives\" target=\"_blank\" rel=\"noopener noreferrer\">p\u00edndoles formatives<\/a> de l&#8217;IVAP hi ha penjat en nom\u00e9s castell\u00e0 des de fa setmanes un <a href=\"http:\/\/www.ivap.gva.es\/documents\/167184957\/169649658\/COVID-19\/ca6c5f8a-6503-4ce0-8389-605f977ec5b9\" target=\"_blank\" rel=\"noopener noreferrer\">document<\/a> de l&#8217;Invassat sobre mesures preventives davant l&#8217;exposici\u00f3 al coronavirus. Hem reclamat dos vegades ja la versi\u00f3 en valenci\u00e0, per\u00f2 ni hem rebut resposta ni l&#8217;han penjada.<\/p>\n<p>El mateix 6 d&#8217;abril en qu\u00e8 ho vam reclamar per primera vegada en el web de l&#8217;IVAP, la Plataforma per la Llengua (<a href=\"https:\/\/www.plataforma-llengua.cat\/que-fem\/noticies\/4668\/la-plataforma-per-la-llengua-demana-lus-del-valencia-en-la-informacio-institucional-sobre-la-covid-19\" target=\"_blank\" rel=\"noopener noreferrer\">06.04.2020<\/a>) publicava una den\u00fancia relacionada amb la mateixa q\u00fcesti\u00f3 en l&#8217;\u00e0mbit de l&#8217;administraci\u00f3 espanyola:<\/p>\n<blockquote>\n<h3>La Plataforma per la Llengua demana l\u2019\u00fas del valenci\u00e0 en la informaci\u00f3 institucional sobre la COVID-19<\/h3>\n<p><strong>L&#8217;ONG del valenci\u00e0 recorda que el Consell d&#8217;Europa critica que alguns estats \u2014com fa Espanya\u2014 \u00abno comparteixen la informaci\u00f3, instruccions, directrius o recomanacions en altres lleng\u00fces que no siguin la llengua oficial del pa\u00eds\u00bb.<\/strong><\/p><\/blockquote>\n<p>Ha passa quasi un mes, la gesti\u00f3 maldestra de l&#8217;\u00fas de les lleng\u00fces oficials en l&#8217;administraci\u00f3 valenciana (i l&#8217;espanyola) fa que continue la desigualtat sistem\u00e0tica: primer es publica en castell\u00e0; m\u00e9s avant, ja vorem (si hi ha reclamacions, si alg\u00fa s&#8217;enrecorda&#8230;) si arriba mai la versi\u00f3 en valenci\u00e0.<\/p>\n","protected":false},"excerpt":{"rendered":"<p>Arran de la pand\u00e8mia de la covid-19 tornem a observar mostres de mala gesti\u00f3 ling\u00fc\u00edstica en la Generalitat valenciana. En les p\u00edndoles formatives de l&#8217;IVAP hi ha penjat en nom\u00e9s castell\u00e0 des de fa setmanes un document de l&#8217;Invassat sobre mesures preventives davant l&#8217;exposici\u00f3 al coronavirus. Hem reclamat dos vegades ja la versi\u00f3 en valenci\u00e0, [&hellip;]<\/p>\n","protected":false},"author":56,"featured_media":0,"comment_status":"open","ping_status":"open","sticky":false,"template":"","format":"standard","meta":{"footnotes":""},"categories":[2,4,47,19,24,27],"tags":[190,224,371],"class_list":["post-3725","post","type-post","status-publish","format-standard","hentry","category-comunicacio","category-dret","category-planificacio","category-politica","category-requisit-linguistic","category-sociolinguistica","tag-estat-espanyol","tag-generalitat-valenciana","tag-plataforma-per-la-llengua"],"_links":{"self":[{"href":"https:\/\/www.cdlpv.org\/dtl\/wp-json\/wp\/v2\/posts\/3725","targetHints":{"allow":["GET"]}}],"collection":[{"href":"https:\/\/www.cdlpv.org\/dtl\/wp-json\/wp\/v2\/posts"}],"about":[{"href":"https:\/\/www.cdlpv.org\/dtl\/wp-json\/wp\/v2\/types\/post"}],"author":[{"embeddable":true,"href":"https:\/\/www.cdlpv.org\/dtl\/wp-json\/wp\/v2\/users\/56"}],"replies":[{"embeddable":true,"href":"https:\/\/www.cdlpv.org\/dtl\/wp-json\/wp\/v2\/comments?post=3725"}],"version-history":[{"count":2,"href":"https:\/\/www.cdlpv.org\/dtl\/wp-json\/wp\/v2\/posts\/3725\/revisions"}],"predecessor-version":[{"id":3727,"href":"https:\/\/www.cdlpv.org\/dtl\/wp-json\/wp\/v2\/posts\/3725\/revisions\/3727"}],"wp:attachment":[{"href":"https:\/\/www.cdlpv.org\/dtl\/wp-json\/wp\/v2\/media?parent=3725"}],"wp:term":[{"taxonomy":"category","embeddable":true,"href":"https:\/\/www.cdlpv.org\/dtl\/wp-json\/wp\/v2\/categories?post=3725"},{"taxonomy":"post_tag","embeddable":true,"href":"https:\/\/www.cdlpv.org\/dtl\/wp-json\/wp\/v2\/tags?post=3725"}],"curies":[{"name":"wp","href":"https:\/\/api.w.org\/{rel}","templated":true}]}}