{"id":3722,"date":"2020-02-14T15:30:06","date_gmt":"2020-02-14T14:30:06","guid":{"rendered":"http:\/\/www.cdlpv.org\/dtl\/?p=3722"},"modified":"2020-02-14T12:04:28","modified_gmt":"2020-02-14T11:04:28","slug":"el-supremacisme-linguistic-espanyol","status":"publish","type":"post","link":"https:\/\/www.cdlpv.org\/dtl\/2020\/02\/14\/el-supremacisme-linguistic-espanyol\/","title":{"rendered":"El supremacisme ling\u00fc\u00edstic espanyol"},"content":{"rendered":"<p>En el setmanari <em>El Temps <\/em>(01.02.2020; consulta: <a href=\"https:\/\/www.eltemps.cat\/article\/9237\/radiografia-duna-llengua-des-deuropa\" target=\"_blank\" rel=\"noopener noreferrer\">14.02.2020<\/a>) podem llegir un article de Vicent Climent-Ferrando, \u00abRadiografia d&#8217;una llengua des d&#8217;Europa\u00bb que alerta sobre les rutines i in\u00e8rcies ideol\u00f2giques que podem provocar una efectes contraris dels que pretenien. Entre altres coses:<\/p>\n<blockquote><p>El toc d\u2019alerta m\u00e9s preocupant dels informes, per\u00f2, anava adre\u00e7at no a l\u2019Estat espanyol sin\u00f3 al Govern del Bot\u00e0nic, concretament al nou <strong>Decret de Pluriling\u00fcisme<\/strong>. Mentre que el <strong>Comit\u00e8 de Ministres<\/strong> \u2013 l\u2019\u00f2rgan pol\u00edtic del Consell d\u2019Europa\u2013\u00a0 emprava un llenguatge m\u00e9s diplom\u00e0tic i recomanava al Govern valenci\u00e0 \u201celiminar les limitacions a l\u2019ensenyament en valenci\u00e0\/catal\u00e0\u201d, el <strong>Comit\u00e8 d\u2019Experts<\/strong> \u2013\u00f2rgan avaluador de solv\u00e8ncia acad\u00e8mica independent\u2013 era m\u00e9s contundent en la seva radiografia ling\u00fc\u00edstica al Pa\u00eds Valenci\u00e0: \u201c[el Decret de Pluriling\u00fcisme] no compleix amb l\u2019instrument de ratificaci\u00f3 [de la CELRoM]\u201d i donava <strong>un suspens categ\u00f2ric al Govern valenci\u00e0<\/strong>, una mena de <em>default t\u00e8cnic <\/em>a una de les mesures estrella en mat\u00e8ria educativa del Bot\u00e0nic.<\/p><\/blockquote>\n<p>Per sort, a m\u00e9s de l&#8217;an\u00e0lisi cr\u00edtica, l&#8217;article fa propostes:<\/p>\n<blockquote><p>S\u00f3n quatre els principis que una pol\u00edtica ling\u00fc\u00edstica efectiva ha d\u2019adoptar:<\/p>\n<ol>\n<li>Les <strong>pol\u00edtiques de multiling\u00fcisme<\/strong> s\u00f3n imprescindibles en les societats actuals i els beneficis que reporten superen els costos. S\u2019ha de concebre la pol\u00edtica ling\u00fc\u00edstica d\u2019una manera completament transversal, amb implicaci\u00f3 directa en la cohesi\u00f3 social, la cultura, l\u2019economia i els drets. En aquest sentit, el <strong>Decret de Pluriling\u00fcisme<\/strong> adopta aquesta visi\u00f3 hol\u00edstica, tot i que possiblement de manera te\u00f2rica.<\/li>\n<li>Qualsevol govern que vulgui donar resposta a les <strong>necessitats ling\u00fc\u00edstiques actuals de la ciutadania<\/strong> ha de considerar conjuntament la mobilitat i la inclusi\u00f3 en les seves pol\u00edtiques ling\u00fc\u00edstiques. La promoci\u00f3 de la mobilitat ha d\u2019anar acompanyada de mesures que afavoreixin la promoci\u00f3 de la llengua pr\u00f2pia. Atesa la situaci\u00f3 d\u2019alta vulnerabilitat del valenci\u00e0, el responsables pol\u00edtics hauran d\u2019estar-hi molt atents a que una mesura com el <strong>Decret de Pluriling\u00fcisme<\/strong> no tingui com a efecte col\u00b7lateral el retroc\u00e9s del coneixement del valenci\u00e0 en l\u2019\u00e0mbit educatiu.<\/li>\n<li>El disseny de pol\u00edtiques que combinin la mobilitat i la inclusi\u00f3 \u00e9s complex, per\u00f2 necessari i possible. La q\u00fcesti\u00f3 \u00e9s seleccionar les mesures que representen en cada cas el millor equilibri en la tensi\u00f3 entre inclusi\u00f3 i mobilitat. El <strong>Decret de Pluriling\u00fcisme<\/strong> t\u00e9 el perill \u2014potencial de moment\u2014 de no aconseguir ni un major coneixement d\u2019angl\u00e8s ni una millora en les dades de coneixement de la llengua pr\u00f2pia. Caldr\u00e0 refor\u00e7ar els mecanismes d\u2019avaluaci\u00f3 constants i reaccionar-hi a temps.<\/li>\n<li>La garantia de la cohesi\u00f3 social prov\u00e9 precisament de la combinaci\u00f3 equilibrada de la mobilitat i la inclusi\u00f3. Qualsevol pol\u00edtica ling\u00fc\u00edstica \u00e9s una pol\u00edtica social. La implantaci\u00f3 d\u2019un projecte educatiu ambici\u00f3s i avan\u00e7at dep\u00e8n en bona part del disseny d\u2019unes pol\u00edtiques multiling\u00fces valentes i de llums llargues.<\/li>\n<\/ol>\n<\/blockquote>\n<p>Al final, l&#8217;autor es preocupa per \u00absi tornem a perdre un llen\u00e7ol a cada bugada ling\u00fc\u00edstica\u00bb. Crec que els pol\u00edtics i els socioling\u00fc\u00edstics haurien de canviar la met\u00e0fora, perqu\u00e8 a les bugaderies no han perdut mai tants <a href=\"http:\/\/www.avl.gva.es\/lexicval\/?paraula=llan\u00e7ol\" target=\"_blank\" rel=\"noopener noreferrer\">llan\u00e7ols<\/a>. (Vegeu la secci\u00f3 de <a href=\"http:\/\/www.cdlpv.org\/dtl\/greuges\/\" target=\"_blank\" rel=\"noopener noreferrer\">greuges<\/a>.)<\/p>\n","protected":false},"excerpt":{"rendered":"<p>En el setmanari El Temps (01.02.2020; consulta: 14.02.2020) podem llegir un article de Vicent Climent-Ferrando, \u00abRadiografia d&#8217;una llengua des d&#8217;Europa\u00bb que alerta sobre les rutines i in\u00e8rcies ideol\u00f2giques que podem provocar una efectes contraris dels que pretenien. Entre altres coses: El toc d\u2019alerta m\u00e9s preocupant dels informes, per\u00f2, anava adre\u00e7at no a l\u2019Estat espanyol sin\u00f3 [&hellip;]<\/p>\n","protected":false},"author":56,"featured_media":0,"comment_status":"open","ping_status":"open","sticky":false,"template":"","format":"standard","meta":{"footnotes":""},"categories":[4,10,47,22,24,27,35],"tags":[64],"class_list":["post-3722","post","type-post","status-publish","format-standard","hentry","category-dret","category-formacio","category-planificacio","category-recerca","category-requisit-linguistic","category-sociolinguistica","category-unio-europea","tag-articles"],"_links":{"self":[{"href":"https:\/\/www.cdlpv.org\/dtl\/wp-json\/wp\/v2\/posts\/3722","targetHints":{"allow":["GET"]}}],"collection":[{"href":"https:\/\/www.cdlpv.org\/dtl\/wp-json\/wp\/v2\/posts"}],"about":[{"href":"https:\/\/www.cdlpv.org\/dtl\/wp-json\/wp\/v2\/types\/post"}],"author":[{"embeddable":true,"href":"https:\/\/www.cdlpv.org\/dtl\/wp-json\/wp\/v2\/users\/56"}],"replies":[{"embeddable":true,"href":"https:\/\/www.cdlpv.org\/dtl\/wp-json\/wp\/v2\/comments?post=3722"}],"version-history":[{"count":1,"href":"https:\/\/www.cdlpv.org\/dtl\/wp-json\/wp\/v2\/posts\/3722\/revisions"}],"predecessor-version":[{"id":3723,"href":"https:\/\/www.cdlpv.org\/dtl\/wp-json\/wp\/v2\/posts\/3722\/revisions\/3723"}],"wp:attachment":[{"href":"https:\/\/www.cdlpv.org\/dtl\/wp-json\/wp\/v2\/media?parent=3722"}],"wp:term":[{"taxonomy":"category","embeddable":true,"href":"https:\/\/www.cdlpv.org\/dtl\/wp-json\/wp\/v2\/categories?post=3722"},{"taxonomy":"post_tag","embeddable":true,"href":"https:\/\/www.cdlpv.org\/dtl\/wp-json\/wp\/v2\/tags?post=3722"}],"curies":[{"name":"wp","href":"https:\/\/api.w.org\/{rel}","templated":true}]}}