{"id":370,"date":"2008-04-16T08:37:21","date_gmt":"2008-04-16T07:37:21","guid":{"rendered":"http:\/\/www.cdlpv.org\/dtl\/?p=370"},"modified":"2008-04-16T08:37:21","modified_gmt":"2008-04-16T07:37:21","slug":"la-justicia-impedix-les-censures-de-la-generalitat-de-francisco-camps","status":"publish","type":"post","link":"https:\/\/www.cdlpv.org\/dtl\/2008\/04\/16\/la-justicia-impedix-les-censures-de-la-generalitat-de-francisco-camps\/","title":{"rendered":"La just\u00edcia impedix les censures de la Generalitat de Francisco Camps"},"content":{"rendered":"<p>La Generalitat valenciana juga a la inseguretat jur\u00eddica i l&#8217;opacitat: \u00bfde qu\u00e8 tracta el Decret 47\/2008 del Consell? (<span class=\"versaleta\"><em>docv<\/em><\/span> n\u00fam. 5.742, de 15.04.2008 <a href=\"https:\/\/www.docv.gva.es\/portal\/portal\/2008\/04\/15\/pdf\/2008_4498.pdf\" target=\"_blank\"><span class=\"versaleta\">[pdf]<\/span><\/a>):<\/p>\n<blockquote>\n<h3>DECRET 47\/2008, d\u201911 d\u2019abril, del Consell, pel que* es modifica el Decret 73\/2004, de 7 de maig, del Consell, pel qual es va aprovar l\u2019Estatut de la Universitat d\u2019Alacant. [2008\/4498]<\/h3>\n<p>L\u2019Estatut de la Universitat d\u2019Alacant va ser aprovat pel Decret 73\/2004, de 7 de maig, del Consell, d\u2019acord amb les previsions contingudes en la Llei Org\u00e0nica 6\/2001, de 21 de desembre, d\u2019Universitats.<\/p>\n<p>Posteriorment, la Universitat d\u2019Alacant va interposar recurs contenci\u00f3s administratiu davant del Tribunal Superior de Just\u00edcia de la Comunitat Valenciana, pel que fa a la redacci\u00f3 final donada a l\u2019article 2.<em>k<\/em> del citat estatut.<\/p>\n<p>En virtut de la sent\u00e8ncia ferma de 20 de juny de 2005, de la Sala Contenciosa Administrativa del Tribunal Superior de Just\u00edcia de la Comunitat Valenciana, es va estimar el recurs interposat per la Universitat d\u2019Alacant contra el Decret 73\/2004, de 7 de maig, del Consell, pel qual es va aprovar l\u2019Estatut de la dita universitat, i es reconeix el dret al fet que el Consell aprove i publique l\u2019article 2.<em>k<\/em> de l\u2019Estatut de la Universitat d\u2019Alacant d\u2019acord amb el text original enviat per esta.<\/p>\n<p>Mitjan\u00e7ant un edicte de 26 d\u2019octubre de 2005, es va publicar en el <em>Diari Oficial de la Comunitat Valenciana <\/em>la decisi\u00f3 de la sent\u00e8ncia mencionada. Posteriorment, la Universitat d\u2019Alacant ha sol\u00b7licitat l\u2019execuci\u00f3 de sent\u00e8ncia.<\/p>\n<p>Per tot aix\u00f2, i en compliment del que establixen els articles 103 i 104 de la Llei 29\/1998, de 13 de juliol, Reguladora de la Jurisdicci\u00f3 Contenciosa Administrativa, \u00e9s procedent portar a terme les declaracions contingudes en la decisi\u00f3 de la sent\u00e8ncia, per la qual cosa, a proposta del conseller d\u2019Educaci\u00f3 i amb la deliberaci\u00f3 pr\u00e8via del Consell, en la reuni\u00f3 del dia 11 d\u2019abril de 2008, decrete:<\/p>\n<p><em>Article \u00fanic. Modificaci\u00f3 de l\u2019article 2.<\/em>k<em> de l\u2019Estatut de la Universitat d\u2019Alacant<\/em><\/p>\n<p>Modificar, perqu\u00e8 ho ha acordat aix\u00ed la Sala Contenciosa Administrativa del Tribunal Superior de Just\u00edcia de la Comunitat Valenciana, en sent\u00e8ncia ferma de 20 de juny de 2005, l\u2019article 2.<em>k<\/em> de l\u2019Estatut de la Universitat d\u2019Alacant, que queda redactat amb el text enviat per esta.<\/p>\n<p>DISPOSICI\u00d3 FINAL<\/p>\n<p><em>\u00danica. Entrada en vigor<\/em><\/p>\n<p>Este decret entrar\u00e0 en vigor el mateix dia que es publique en el <em>Diari Oficial de la Comunitat Valenciana<\/em>.<\/p>\n<p>Val\u00e8ncia, 11 d\u2019abril de 2008<\/p>\n<p>El president de la Generalitat,<br \/>\nFRANCISCO CAMPS ORTIZ<\/p>\n<p>El conseller d\u2019Educaci\u00f3,<br \/>\nALEJANDRO FONT DE MORA TUR\u00d3N\n<\/p><\/blockquote>\n<p>Sembla clar que, a m\u00e9s d&#8217;una redacci\u00f3 embolicada que pret\u00e9n deixar en bon lloc l&#8217;actuaci\u00f3 del Consell del Partit Popular, a m\u00e9s, la poca vergonya dels dirigents actuals de la Generalitat valenciana es comprova en l&#8217;omissi\u00f3 (censora) de la redacci\u00f3 de l&#8217;article 2.<em>k<\/em> original de l&#8217;article dels estatuts de la universitat d&#8217;Alacant, que <a href=\"http:\/\/www.ua.es\/va\/presentacion\/oficina_rector\/agenda\/julio2005.html\" target=\"_blank\">originalment<\/a> i finalment \u00e9s la seg\u00fcent:<\/p>\n<blockquote><p>\nPotenciar el coneixement i l&#8217;\u00fas de la llengua pr\u00f2pia de la Comunitat Valenciana, valenci\u00e0 segons l&#8217;Estatut d&#8217;Autonomia, acad\u00e8micament catal\u00e0, atenent a la seua consolidaci\u00f3 i plena normalitzaci\u00f3 en tota la vida universit\u00e0ria.\n<\/p><\/blockquote>\n<hr \/>\n<\/hr>\n<ul>\n<li>Vegeu <a href=\"http:\/\/pagina26.com\/comunitat-valenciana\/el-consell-perd-un-altre-jui-per-la-denominacio-de-la-llengua.html\" target=\"_blank\"><em>P\u00e0gina26<\/em><\/a>\n<\/ul>\n<hr \/>\n<\/hr>\n<p>*Construcci\u00f3 err\u00f2nia en lloc de \u00abpel qual\u00bb. Podem suposar que els t\u00e8cnics ling\u00fc\u00edstics del diari oficial no han tingut ocasi\u00f3 de revisar el text.<br \/>\n<strong>Nota:<\/strong> el text de la Generalitat \u00e9s una altra mostra de l&#8217;actitud de Francisco Camps i el seu govern, que no eviten les ocasions de fer \u00fas de la prepot\u00e8ncia i de mostrar el menyspreu que senten per la majoria dels ciutadans valencians i de les institucions socials que treballen i viuen normalment en valenci\u00e0. D&#8217;altra banda, legalment, \u00bfon podem consultar la versi\u00f3 oficial de l&#8217;article 2.<em>k<\/em> si nom\u00e9s es va publicar en el <span class=\"versaleta\"><em>docv<\/em><\/span> la versi\u00f3 manipulada per la Generalitat?<\/p>\n","protected":false},"excerpt":{"rendered":"<p>La Generalitat valenciana juga a la inseguretat jur\u00eddica i l&#8217;opacitat: \u00bfde qu\u00e8 tracta el Decret 47\/2008 del Consell? (docv n\u00fam. 5.742, de 15.04.2008 [pdf]): DECRET 47\/2008, d\u201911 d\u2019abril, del Consell, pel que* es modifica el Decret 73\/2004, de 7 de maig, del Consell, pel qual es va aprovar l\u2019Estatut de la Universitat d\u2019Alacant. [2008\/4498] L\u2019Estatut [&hellip;]<\/p>\n","protected":false},"author":2,"featured_media":0,"comment_status":"open","ping_status":"open","sticky":false,"template":"","format":"standard","meta":{"footnotes":""},"categories":[36,4,1,14],"tags":[192,500],"class_list":["post-370","post","type-post","status-publish","format-standard","hentry","category-allofobia","category-dret","category-general","category-jurisprudencia","tag-estatuts","tag-universitats"],"_links":{"self":[{"href":"https:\/\/www.cdlpv.org\/dtl\/wp-json\/wp\/v2\/posts\/370","targetHints":{"allow":["GET"]}}],"collection":[{"href":"https:\/\/www.cdlpv.org\/dtl\/wp-json\/wp\/v2\/posts"}],"about":[{"href":"https:\/\/www.cdlpv.org\/dtl\/wp-json\/wp\/v2\/types\/post"}],"author":[{"embeddable":true,"href":"https:\/\/www.cdlpv.org\/dtl\/wp-json\/wp\/v2\/users\/2"}],"replies":[{"embeddable":true,"href":"https:\/\/www.cdlpv.org\/dtl\/wp-json\/wp\/v2\/comments?post=370"}],"version-history":[{"count":0,"href":"https:\/\/www.cdlpv.org\/dtl\/wp-json\/wp\/v2\/posts\/370\/revisions"}],"wp:attachment":[{"href":"https:\/\/www.cdlpv.org\/dtl\/wp-json\/wp\/v2\/media?parent=370"}],"wp:term":[{"taxonomy":"category","embeddable":true,"href":"https:\/\/www.cdlpv.org\/dtl\/wp-json\/wp\/v2\/categories?post=370"},{"taxonomy":"post_tag","embeddable":true,"href":"https:\/\/www.cdlpv.org\/dtl\/wp-json\/wp\/v2\/tags?post=370"}],"curies":[{"name":"wp","href":"https:\/\/api.w.org\/{rel}","templated":true}]}}