{"id":37,"date":"2007-02-10T12:18:40","date_gmt":"2007-02-10T11:18:40","guid":{"rendered":"http:\/\/www.cdlpv.org\/dtl\/?p=37"},"modified":"2007-02-10T12:18:40","modified_gmt":"2007-02-10T11:18:40","slug":"el-perfeccionament-de-la-traduccio-i-la-correccio","status":"publish","type":"post","link":"https:\/\/www.cdlpv.org\/dtl\/2007\/02\/10\/el-perfeccionament-de-la-traduccio-i-la-correccio\/","title":{"rendered":"El perfeccionament de la traducci\u00f3 i la correcci\u00f3"},"content":{"rendered":"<p>El curs de reciclatge per a t\u00e8cnics ling\u00fc\u00edstics denominat \u00abCurs de perfeccionament en la correcci\u00f3 i traducci\u00f3 de textos\u00bb i impartit per Joan Ramon Borr\u00e0s, s&#8217;est\u00e0 duent a terme en una aula de l&#8217;Acad\u00e8mia de Ci\u00e8ncies de l&#8217;Home XXI, a l&#8217;avinguda de Maria Cristina, 1, a Val\u00e8ncia.<\/p>\n<p>La primera sessi\u00f3 ha tractat principalment aspectes relacionats amb la intervenci\u00f3 dels traductors en l&#8217;elaboraci\u00f3 d&#8217;un projecte editorial de llibre de text. El centre d&#8217;inter\u00e9s han estat principalment les q\u00fcestions relacionades amb la part inform\u00e0tica de la faena: tipografia i imatges en Word, Quark, Acrobat, etc.; distribuci\u00f3 del text en el full de la maqueta i en el full del traductor; \u00fas de traductors i correctors inform\u00e0tics (WordCorrect, Salt, Ara, Trados, D\u00e9ja Vu), amb exemples d&#8217;avantatges i d&#8217;inconvenients d&#8217;estos instruments en la tasca editorial, i amb alguna possible proposta de millora per al futur, com ara la possibilitat de mantindre els diccionaris personalitzats d&#8217;una versi\u00f3 d&#8217;estos programes a les seg\u00fcents.<\/p>\n<p>\u00c9s evident, doncs, que el curs ser\u00e0 una immersi\u00f3 en la tasca professional de la traducci\u00f3 i correcci\u00f3 des del punt de vista de l&#8217;empresa privada. \u00c9s a dir, per variar, tenim ocasi\u00f3 de comprendre i valorar uns aspectes de la nostra faena que solen quedar fora del camp de visi\u00f3 dels t\u00e8cnics de les administracions p\u00fabliques.<\/p>\n<p>Eixa variaci\u00f3 de perspectiva ens pot aportar moltes dades interessants i, possiblement, una valoraci\u00f3 m\u00e9s exacta d&#8217;all\u00f2 que \u00e9s important i d&#8217;all\u00f2 que \u00e9s accessori o simplement innecessari, espec\u00edficament amb vista a la tasca editorial. Joan Ramon Borr\u00e0s ens en va donar una bona mostra amb alguns exemples relacionats amb les defici\u00e8ncies del Word, el maneig dels PDF (els avantatges de l&#8217;Acrobat 5), o els embolics que ens poden dur els tipus o fam\u00edlies de lletres.<\/p>\n<p>Naturalment, seria interessant que esta iniciativa de formaci\u00f3 cont\u00ednua espec\u00edfica &mdash;com \u00e9s m\u00e9s habitual en Catalunya&mdash; es consolide, s&#8217;amplie tem\u00e0ticament i estiga a l&#8217;abast dels t\u00e8cnics ling\u00fc\u00edstics. \u00c9s clar, a\u00e7\u00f2 pot anar m\u00e9s enll\u00e0 de les \u00abalegres\u00bb trobades amb l&#8217;AVL.<\/p>\n","protected":false},"excerpt":{"rendered":"<p>El curs de reciclatge per a t\u00e8cnics ling\u00fc\u00edstics denominat \u00abCurs de perfeccionament en la correcci\u00f3 i traducci\u00f3 de textos\u00bb i impartit per Joan Ramon Borr\u00e0s, s&#8217;est\u00e0 duent a terme en una aula de l&#8217;Acad\u00e8mia de Ci\u00e8ncies de l&#8217;Home XXI, a l&#8217;avinguda de Maria Cristina, 1, a Val\u00e8ncia. La primera sessi\u00f3 ha tractat principalment aspectes relacionats [&hellip;]<\/p>\n","protected":false},"author":2,"featured_media":0,"comment_status":"open","ping_status":"open","sticky":false,"template":"","format":"standard","meta":{"footnotes":""},"categories":[1,15,47],"tags":[],"class_list":["post-37","post","type-post","status-publish","format-standard","hentry","category-general","category-laboral","category-planificacio"],"_links":{"self":[{"href":"https:\/\/www.cdlpv.org\/dtl\/wp-json\/wp\/v2\/posts\/37","targetHints":{"allow":["GET"]}}],"collection":[{"href":"https:\/\/www.cdlpv.org\/dtl\/wp-json\/wp\/v2\/posts"}],"about":[{"href":"https:\/\/www.cdlpv.org\/dtl\/wp-json\/wp\/v2\/types\/post"}],"author":[{"embeddable":true,"href":"https:\/\/www.cdlpv.org\/dtl\/wp-json\/wp\/v2\/users\/2"}],"replies":[{"embeddable":true,"href":"https:\/\/www.cdlpv.org\/dtl\/wp-json\/wp\/v2\/comments?post=37"}],"version-history":[{"count":0,"href":"https:\/\/www.cdlpv.org\/dtl\/wp-json\/wp\/v2\/posts\/37\/revisions"}],"wp:attachment":[{"href":"https:\/\/www.cdlpv.org\/dtl\/wp-json\/wp\/v2\/media?parent=37"}],"wp:term":[{"taxonomy":"category","embeddable":true,"href":"https:\/\/www.cdlpv.org\/dtl\/wp-json\/wp\/v2\/categories?post=37"},{"taxonomy":"post_tag","embeddable":true,"href":"https:\/\/www.cdlpv.org\/dtl\/wp-json\/wp\/v2\/tags?post=37"}],"curies":[{"name":"wp","href":"https:\/\/api.w.org\/{rel}","templated":true}]}}