{"id":3692,"date":"2019-12-19T18:19:02","date_gmt":"2019-12-19T17:19:02","guid":{"rendered":"http:\/\/www.cdlpv.org\/dtl\/?p=3692"},"modified":"2019-12-19T18:20:28","modified_gmt":"2019-12-19T17:20:28","slug":"sense-la-veu","status":"publish","type":"post","link":"https:\/\/www.cdlpv.org\/dtl\/2019\/12\/19\/sense-la-veu\/","title":{"rendered":"Sense <em>La Veu<\/em>"},"content":{"rendered":"<p>No en ten\u00edem quasi ni un ni mig ni cap, i ja no \u00abcantar\u00e0\u00bb tampoc el <em>Diari La Veu<\/em> (<a href=\"https:\/\/www.diarilaveu.com\/diari-la-veu-posa-punt-final-31-desembre-2019\" target=\"_blank\" rel=\"noopener noreferrer\">18.12.2019<\/a>):<\/p>\n<blockquote>\n<h2><em>Diari La Veu<\/em> posa punt final al projecte period\u00edstic<\/h2>\n<h3>L&#8217;\u00faltim dia que s&#8217;editar\u00e0 el mitj\u00e0 ser\u00e0 aquest 31 de desembre, despr\u00e9s de no haver assolit el finan\u00e7ament necessari per a garantir la viabilitat del digital<\/h3>\n<\/blockquote>\n<p>A pesar de tot, diuen que intentaran persistir:<\/p>\n<blockquote><p>Per unanimitat de l&#8217;assemblea i de forma acordada amb l&#8217;equip directiu de la cooperativa, l&#8217;empresa editora considera que no es donen les circumst\u00e0ncies necess\u00e0ries per a seguir amb el projecte de la manera com estava concebut. En el primer trimestre de l&#8217;any vinent, la cooperativa estudiar\u00e0 possibilitats de futur que permeten continuar amb una altra mena de publicaci\u00f3 que done veu a all\u00f2 que ocorre al Pa\u00eds Valenci\u00e0, per\u00f2 ja no de manera di\u00e0ria.<\/p><\/blockquote>\n<p>En tot cas, \u00e9s una mala not\u00edcia per a la informaci\u00f3 en valenci\u00e0 i, per tant, per a l&#8217;\u00fas informatiu i informat de la llengua al Pa\u00eds Valenci\u00e0.<\/p>\n","protected":false},"excerpt":{"rendered":"<p>No en ten\u00edem quasi ni un ni mig ni cap, i ja no \u00abcantar\u00e0\u00bb tampoc el Diari La Veu (18.12.2019): Diari La Veu posa punt final al projecte period\u00edstic L&#8217;\u00faltim dia que s&#8217;editar\u00e0 el mitj\u00e0 ser\u00e0 aquest 31 de desembre, despr\u00e9s de no haver assolit el finan\u00e7ament necessari per a garantir la viabilitat del digital [&hellip;]<\/p>\n","protected":false},"author":56,"featured_media":0,"comment_status":"open","ping_status":"open","sticky":false,"template":"","format":"standard","meta":{"footnotes":""},"categories":[2,27],"tags":[313],"class_list":["post-3692","post","type-post","status-publish","format-standard","hentry","category-comunicacio","category-sociolinguistica","tag-mitjans-de-comunicacio"],"_links":{"self":[{"href":"https:\/\/www.cdlpv.org\/dtl\/wp-json\/wp\/v2\/posts\/3692","targetHints":{"allow":["GET"]}}],"collection":[{"href":"https:\/\/www.cdlpv.org\/dtl\/wp-json\/wp\/v2\/posts"}],"about":[{"href":"https:\/\/www.cdlpv.org\/dtl\/wp-json\/wp\/v2\/types\/post"}],"author":[{"embeddable":true,"href":"https:\/\/www.cdlpv.org\/dtl\/wp-json\/wp\/v2\/users\/56"}],"replies":[{"embeddable":true,"href":"https:\/\/www.cdlpv.org\/dtl\/wp-json\/wp\/v2\/comments?post=3692"}],"version-history":[{"count":2,"href":"https:\/\/www.cdlpv.org\/dtl\/wp-json\/wp\/v2\/posts\/3692\/revisions"}],"predecessor-version":[{"id":3694,"href":"https:\/\/www.cdlpv.org\/dtl\/wp-json\/wp\/v2\/posts\/3692\/revisions\/3694"}],"wp:attachment":[{"href":"https:\/\/www.cdlpv.org\/dtl\/wp-json\/wp\/v2\/media?parent=3692"}],"wp:term":[{"taxonomy":"category","embeddable":true,"href":"https:\/\/www.cdlpv.org\/dtl\/wp-json\/wp\/v2\/categories?post=3692"},{"taxonomy":"post_tag","embeddable":true,"href":"https:\/\/www.cdlpv.org\/dtl\/wp-json\/wp\/v2\/tags?post=3692"}],"curies":[{"name":"wp","href":"https:\/\/api.w.org\/{rel}","templated":true}]}}