{"id":369,"date":"2008-04-16T07:58:38","date_gmt":"2008-04-16T06:58:38","guid":{"rendered":"http:\/\/www.cdlpv.org\/dtl\/?p=369"},"modified":"2008-04-16T07:58:38","modified_gmt":"2008-04-16T06:58:38","slug":"oop-de-personal-docent-i-ajudes-a-les-empreses-comercos-i-industries","status":"publish","type":"post","link":"https:\/\/www.cdlpv.org\/dtl\/2008\/04\/16\/oop-de-personal-docent-i-ajudes-a-les-empreses-comercos-i-industries\/","title":{"rendered":"OOP de personal docent i ajudes a les empreses, comer\u00e7os i ind\u00fastries"},"content":{"rendered":"<p>El <span class=\"versaleta\">cidaj<\/span> ens informa de les convocat\u00f2ries seg\u00fcents:<\/p>\n<blockquote><p>\nDECRET 45\/2008, d&#8217;11 d&#8217;abril, del Consell, pel qual s&#8217;aprova l&#8217;oferta d&#8217;ocupaci\u00f3 p\u00fablica de personal docent no universitari dependent de la Conselleria d&#8217;Educaci\u00f3, de la Generalitat, per a l&#8217;any 2008. [2008\/4463] (<span class=\"versaleta\"><em>docv<\/em><\/span> n\u00fam. 5.742, de 15.04.2008)<br \/>\n<a href=\"http:\/\/www.pre.gva.es\/L\/BASIS\/BDLGVPU\/WEB\/LEV_LISTADOS_TEXTO\/DDW?W=SIGNATURA_N=4322+AND+SIGNATURA_A=2008&#038;R=N\" target=\"_blank\">&#8211; vegeu text<\/a><\/p>\n<p>ORDE de 17 de mar\u00e7 de 2008, de la Conselleria d&#8217;Educaci\u00f3, per la qual es convoquen ajudes econ\u00f2miques per a les empreses, comer\u00e7os i ind\u00fastries, radicades a la Comunitat Valenciana, per a la realitzaci\u00f3 d&#8217;activitats de promoci\u00f3 de l&#8217;\u00fas del valenci\u00e0 en 2008. [2008\/4219] (<span class=\"versaleta\"><em>docv<\/em><\/span> n\u00fam. 5.740, de 11.04.2008)<br \/>\n<a href=\"http:\/\/www.pre.gva.es\/L\/BASIS\/BDLGVPU\/WEB\/LEV_LISTADOS_TEXTO\/DDW?W=SIGNATURA_N=4231+AND+SIGNATURA_A=2008&#038;R=N\" target=\"_blank\">&#8211; vegeu text<\/a>\n<\/p><\/blockquote>\n<p>Esta vegada la quantitat de les ajudes indicada per l&#8217;ordre de la conselleria s\u00ed que coincidix amb la l\u00ednia pressupost\u00e0ria (500.000 euros), contr\u00e0riament amb el que s&#8217;esdevingu\u00e9 amb la l\u00ednia d&#8217;ajudes per als ajuntaments (<a href=\"http:\/\/www.cdlpv.org\/dtl\/?p=347\" target=\"_blank\">veg.<\/a> <span class=\"versaleta\"><em>dtl<\/em><\/span>, 25.03.2008).<\/p>\n","protected":false},"excerpt":{"rendered":"<p>El cidaj ens informa de les convocat\u00f2ries seg\u00fcents: DECRET 45\/2008, d&#8217;11 d&#8217;abril, del Consell, pel qual s&#8217;aprova l&#8217;oferta d&#8217;ocupaci\u00f3 p\u00fablica de personal docent no universitari dependent de la Conselleria d&#8217;Educaci\u00f3, de la Generalitat, per a l&#8217;any 2008. [2008\/4463] (docv n\u00fam. 5.742, de 15.04.2008) &#8211; vegeu text ORDE de 17 de mar\u00e7 de 2008, de la [&hellip;]<\/p>\n","protected":false},"author":2,"featured_media":0,"comment_status":"open","ping_status":"open","sticky":false,"template":"","format":"standard","meta":{"footnotes":""},"categories":[7,45,1,15,18,28],"tags":[51,156],"class_list":["post-369","post","type-post","status-publish","format-standard","hentry","category-empreses","category-ensenyament","category-general","category-laboral","category-oposicions","category-subvencions","tag-ajudes","tag-docencia"],"_links":{"self":[{"href":"https:\/\/www.cdlpv.org\/dtl\/wp-json\/wp\/v2\/posts\/369","targetHints":{"allow":["GET"]}}],"collection":[{"href":"https:\/\/www.cdlpv.org\/dtl\/wp-json\/wp\/v2\/posts"}],"about":[{"href":"https:\/\/www.cdlpv.org\/dtl\/wp-json\/wp\/v2\/types\/post"}],"author":[{"embeddable":true,"href":"https:\/\/www.cdlpv.org\/dtl\/wp-json\/wp\/v2\/users\/2"}],"replies":[{"embeddable":true,"href":"https:\/\/www.cdlpv.org\/dtl\/wp-json\/wp\/v2\/comments?post=369"}],"version-history":[{"count":0,"href":"https:\/\/www.cdlpv.org\/dtl\/wp-json\/wp\/v2\/posts\/369\/revisions"}],"wp:attachment":[{"href":"https:\/\/www.cdlpv.org\/dtl\/wp-json\/wp\/v2\/media?parent=369"}],"wp:term":[{"taxonomy":"category","embeddable":true,"href":"https:\/\/www.cdlpv.org\/dtl\/wp-json\/wp\/v2\/categories?post=369"},{"taxonomy":"post_tag","embeddable":true,"href":"https:\/\/www.cdlpv.org\/dtl\/wp-json\/wp\/v2\/tags?post=369"}],"curies":[{"name":"wp","href":"https:\/\/api.w.org\/{rel}","templated":true}]}}