{"id":3673,"date":"2019-11-21T18:48:56","date_gmt":"2019-11-21T17:48:56","guid":{"rendered":"http:\/\/www.cdlpv.org\/dtl\/?p=3673"},"modified":"2019-11-21T18:49:20","modified_gmt":"2019-11-21T17:49:20","slug":"la-petita-politica-de-la-llengua","status":"publish","type":"post","link":"https:\/\/www.cdlpv.org\/dtl\/2019\/11\/21\/la-petita-politica-de-la-llengua\/","title":{"rendered":"La petita pol\u00edtica de la llengua"},"content":{"rendered":"<p>La p\u00e0gina del <span class=\"versaleta\"><em>dtl<\/em><\/span> titulada <a href=\"http:\/\/www.cdlpv.org\/dtl\/?page_id=2784\" target=\"_blank\" rel=\"noopener noreferrer\">\u00abGreuges\u00bb<\/a>, dedicada a la reclamaci\u00f3, per mitj\u00e0 del S\u00edndic de Greuges, del compliment dels deures ling\u00fc\u00edstics de l&#8217;administraci\u00f3 p\u00fablica valenciana, mostra els s\u00edmptomes ben visibles de la hist\u00f2rica falta de projecte i de protocols d&#8217;actuaci\u00f3 per a fer una gesti\u00f3 ling\u00fc\u00edstica democr\u00e0tica que respecte els drets ling\u00fc\u00edstics dels ciutadans i vetle per l&#8217;\u00fas normal del valenci\u00e0.<\/p>\n<p>Sobre aix\u00f2 mateix fem un petit recull de diversos articles i treballs amb dades i reflexions interessants:<\/p>\n<ul>\n<li>Eduard Ferrando: <a href=\"https:\/\/www.diarilaveu.com\/politica-linguistica-a-la-valenciana\" target=\"_blank\" rel=\"noopener noreferrer\">\u00abPol\u00edtica ling\u00fc\u00edstica a la valenciana\u00bb<\/a> (<em>Diari La Veu<\/em>, 19.11.2019)<\/li>\n<li>Alba Granell: <a href=\"https:\/\/www.nuvol.com\/llengua\/el-futur-del-catala-dins-i-fora-de-les-aules-68111?utm_source=SUBSCRIPTORS+DE+LA+NEWSLETTER&amp;utm_campaign=a0d6469ba1-EMAIL_CAMPAIGN_2019_11_04_01_09_COPY_01&amp;utm_medium=email&amp;utm_term=0_b03a8deaed-a0d6469ba1-169454973\" target=\"_blank\" rel=\"noopener noreferrer\">\u00abEl futur del catal\u00e0 dins i fora de les aules\u00bb<\/a> (<em>N\u00favol,<\/em> 17.11.2019)<\/li>\n<li>Plataforma per la Llengua: <a href=\"https:\/\/www.plataforma-llengua.cat\/media\/upload\/pdf\/informecat-2019_1560499259.pdf\" target=\"_blank\" rel=\"noopener noreferrer\">\u00abInforme CAT. 50 dades sobre la llengua\u00bb<\/a> (juny del 2019)<\/li>\n<\/ul>\n","protected":false},"excerpt":{"rendered":"<p>La p\u00e0gina del dtl titulada \u00abGreuges\u00bb, dedicada a la reclamaci\u00f3, per mitj\u00e0 del S\u00edndic de Greuges, del compliment dels deures ling\u00fc\u00edstics de l&#8217;administraci\u00f3 p\u00fablica valenciana, mostra els s\u00edmptomes ben visibles de la hist\u00f2rica falta de projecte i de protocols d&#8217;actuaci\u00f3 per a fer una gesti\u00f3 ling\u00fc\u00edstica democr\u00e0tica que respecte els drets ling\u00fc\u00edstics dels ciutadans i [&hellip;]<\/p>\n","protected":false},"author":56,"featured_media":0,"comment_status":"open","ping_status":"open","sticky":false,"template":"","format":"standard","meta":{"footnotes":""},"categories":[3,4,47,19,24],"tags":[64],"class_list":["post-3673","post","type-post","status-publish","format-standard","hentry","category-documentacio","category-dret","category-planificacio","category-politica","category-requisit-linguistic","tag-articles"],"_links":{"self":[{"href":"https:\/\/www.cdlpv.org\/dtl\/wp-json\/wp\/v2\/posts\/3673","targetHints":{"allow":["GET"]}}],"collection":[{"href":"https:\/\/www.cdlpv.org\/dtl\/wp-json\/wp\/v2\/posts"}],"about":[{"href":"https:\/\/www.cdlpv.org\/dtl\/wp-json\/wp\/v2\/types\/post"}],"author":[{"embeddable":true,"href":"https:\/\/www.cdlpv.org\/dtl\/wp-json\/wp\/v2\/users\/56"}],"replies":[{"embeddable":true,"href":"https:\/\/www.cdlpv.org\/dtl\/wp-json\/wp\/v2\/comments?post=3673"}],"version-history":[{"count":2,"href":"https:\/\/www.cdlpv.org\/dtl\/wp-json\/wp\/v2\/posts\/3673\/revisions"}],"predecessor-version":[{"id":3675,"href":"https:\/\/www.cdlpv.org\/dtl\/wp-json\/wp\/v2\/posts\/3673\/revisions\/3675"}],"wp:attachment":[{"href":"https:\/\/www.cdlpv.org\/dtl\/wp-json\/wp\/v2\/media?parent=3673"}],"wp:term":[{"taxonomy":"category","embeddable":true,"href":"https:\/\/www.cdlpv.org\/dtl\/wp-json\/wp\/v2\/categories?post=3673"},{"taxonomy":"post_tag","embeddable":true,"href":"https:\/\/www.cdlpv.org\/dtl\/wp-json\/wp\/v2\/tags?post=3673"}],"curies":[{"name":"wp","href":"https:\/\/api.w.org\/{rel}","templated":true}]}}