{"id":366,"date":"2008-04-11T13:17:31","date_gmt":"2008-04-11T12:17:31","guid":{"rendered":"http:\/\/www.cdlpv.org\/dtl\/?p=366"},"modified":"2008-04-11T13:17:31","modified_gmt":"2008-04-11T12:17:31","slug":"declaracio-de-suport-als-querellats-de-larago","status":"publish","type":"post","link":"https:\/\/www.cdlpv.org\/dtl\/2008\/04\/11\/declaracio-de-suport-als-querellats-de-larago\/","title":{"rendered":"Declaraci\u00f3 de suport als querellats de l&#8217;Arag\u00f3"},"content":{"rendered":"<p>En relaci\u00f3 amb la not\u00edcia sobre processos judicials a l&#8217;Arag\u00f3 (<span class=\"versaleta\"><em>dtl<\/em>, <a href=\"http:\/\/www.cdlpv.org\/dtl\/?p=362\" target=\"_blank\">08.04.2008<\/a><\/span>), la llista d&#8217;<a href=\"http:\/\/http\/\/www.icfranja.org\/index_cat.html\" target=\"_blank\">Iniciativa Cultural de la Franja<\/a> ens ha enviat el comunicat seg\u00fcent:<\/p>\n<blockquote><p>\n<span class=\"versaleta\">icf<\/span>-Iniciativa Cultural de la Franja (entitat formada per l&#8217;Associaci\u00f3 Cultural del Matarranya, CERIb-Centre d&#8217;Estudis Ribargor\u00e7ans, Consells locals Pro-Franja i Institut d&#8217;Estudis del Baix Cinca), juntament amb el Casal Jaume I de Fraga \u2013 <span class=\"versaleta\">acpv<\/span> emeten el seg\u00fcent manifest de suport als encausats en el proc\u00e9s judicial de Fraga i insten als col\u00b7lectius, entitats, associacions, centres d&#8217;estudis i partits pol\u00edtics que s&#8217;adhereixin a aquest manifest.<br \/>\nDe cara a resoldre les costes del proc\u00e9s judicial, la ICF ha obert el seg\u00fcent compte corrent per a suport econ\u00f2mic: 0049 0078 80 2392072867.<br \/>\nFinalment us animem a assistir la concentraci\u00f3 davant els Jutjats de Fraga el proper dijous 17 d&#8217;abril a les 9 del mat\u00ed.<\/p>\n<hr \/>\n<\/hr>\n<div align=\"right\" class=\"nota\">Document en catal\u00e0, castellano i aragon\u00e9s <a href=\"http:\/\/franja.files.wordpress.com\/2008\/04\/suport-als-querellats-catala-castellano-i-aragones.pdf\" target=\"_blank\"><span class=\"versaleta\">[pdf]<\/span><\/a><\/div>\n<h2>Declaraci\u00f3 de suport als querellats<\/h2>\n<p>(Querella n\u00fam. 22112  2  0100149\/2006, Jutjat de Fraga)<br \/>\nLes entitats sotasignats, en representaci\u00f3 dels seus associats, volem fer p\u00fablic el seg\u00fcent:<br \/>\nA) Que donem tot el nostre suport i ens solidaritzem amb tots i cadascun dels inculpats en la querella interposada per la Federaci\u00f3n de Asociaciones Culturales del Arag\u00f3n Oriental (FACAO), a la ciutat de Fraga; i igualment amb els inculpats en la querella interposada repetidament, a la ciutat de Monts\u00f3.<br \/>\nB) Que la FACAO \u00e9s un grup acient\u00edfic perqu\u00e8 nega el consens ling\u00fc\u00edstic i el reconeixement acceptat pel m\u00f3n cient\u00edfic, universitari i acad\u00e8mic envers la llengua catalana a la Franja.<br \/>\nC) Que la FACAO intenta confondre la realitat creant una nova Academia Ling\u00fc\u00edstica que cap autoritat, ni pol\u00edtica ni cient\u00edfica ni universit\u00e0ria, reconeix.<br \/>\nD) Que com a entitat, FACAO s&#8217;ha manifestat amb grups d&#8217;extremadreta com Democracia Nacional o Grups d&#8217;Acci\u00f3 Valencianista (GAV). Que \u00c1ngel Hern\u00e1ndez, sent president de la FACAO, ha estat sorpr\u00e8s enganxant simbologia independentista que ell mateix i \u00c9ctor Castro, secretari de la FACAO, havien atribu\u00eft a les associacions de defensa de la llengua. Que alguns membres de la FACAO han militat a partits com Falange, que exalten el r\u00e8gim predemocr\u00e0tic.<br \/>\nE) Que membres destacats de FACAO s\u00f3n militants amb c\u00e0rrecs en els sectors m\u00e9s reaccionaris d&#8217;alguns partits i que ha rebut suport i finan\u00e7ament d&#8217;institucions p\u00fabliques.<br \/>\nF) Que la FACAO o els seus dirigents, cada vegada que ataquen persones i institucions defensores de la llengua i cultura de la Franja, ho fan sempre amb falses acusacions pol\u00edtiques, per manca d&#8217;arguments acad\u00e8mics o cient\u00edfics.<br \/>\nPer tot aix\u00f2, desitgem o demanem en uns casos i exigim en altres, per pura higiene democr\u00e0tica i en honor a la veritat:<br \/>\n1) La total absoluci\u00f3 de tots i cadascun dels membres de les entitats d&#8217;activisme ling\u00fc\u00edstic inculpats d&#8217;aquestes querelles que, creiem, mai s&#8217;haguessin hagut d&#8217;admetre a tr\u00e0mit.<br \/>\n2) El posicionament dels pol\u00edtics aragonesos, especialment dels membres del govern PSOE-PAR, sobre la utilitzaci\u00f3 de la just\u00edcia i els cossos policials contra els moviments c\u00edvics. Tot all\u00f2 que fins ara ha estat envoltat pel silenci, cal que ho s\u00e0piga la ciutadania: actituds antidemocr\u00e0tiques, declaracions acient\u00edfiques i atacs als moviments socials amb l&#8217;objectiu de confondre i enfrontar ve\u00efns.<br \/>\n3) Una investigaci\u00f3 sobre la detenci\u00f3 i l&#8217;estada als calabossos d&#8217;un dels encausats, fet que considerem, un exc\u00e9s de zel per part dels cossos de seguretat contra un ciutad\u00e0. Els poders p\u00fablics, encap\u00e7alats per la  Presid\u00e8ncia d&#8217;Arag\u00f3, haurien d&#8217;iniciar la investigaci\u00f3.<br \/>\n4) Anul\u00b7laci\u00f3 de tot finan\u00e7ament p\u00fablic a la FACAO i les entitats que s&#8217;hi vinculen o prohibici\u00f3 i d&#8217;\u00fas de depend\u00e8ncies de titularitat p\u00fablica, tal com ha succe\u00eft a l&#8217;Instituto de Estudios Altoaragoneses, a Fraga, a Tamarit de Llitera, Benavarri i la Freixneda.<br \/>\nLa Franja, 10 d&#8217;abril de 2008\n<\/p><\/blockquote>\n","protected":false},"excerpt":{"rendered":"<p>En relaci\u00f3 amb la not\u00edcia sobre processos judicials a l&#8217;Arag\u00f3 (dtl, 08.04.2008), la llista d&#8217;Iniciativa Cultural de la Franja ens ha enviat el comunicat seg\u00fcent: icf-Iniciativa Cultural de la Franja (entitat formada per l&#8217;Associaci\u00f3 Cultural del Matarranya, CERIb-Centre d&#8217;Estudis Ribargor\u00e7ans, Consells locals Pro-Franja i Institut d&#8217;Estudis del Baix Cinca), juntament amb el Casal Jaume I [&hellip;]<\/p>\n","protected":false},"author":2,"featured_media":0,"comment_status":"open","ping_status":"open","sticky":false,"template":"","format":"standard","meta":{"footnotes":""},"categories":[36,1,27],"tags":[62,237],"class_list":["post-366","post","type-post","status-publish","format-standard","hentry","category-allofobia","category-general","category-sociolinguistica","tag-arago","tag-icf"],"_links":{"self":[{"href":"https:\/\/www.cdlpv.org\/dtl\/wp-json\/wp\/v2\/posts\/366","targetHints":{"allow":["GET"]}}],"collection":[{"href":"https:\/\/www.cdlpv.org\/dtl\/wp-json\/wp\/v2\/posts"}],"about":[{"href":"https:\/\/www.cdlpv.org\/dtl\/wp-json\/wp\/v2\/types\/post"}],"author":[{"embeddable":true,"href":"https:\/\/www.cdlpv.org\/dtl\/wp-json\/wp\/v2\/users\/2"}],"replies":[{"embeddable":true,"href":"https:\/\/www.cdlpv.org\/dtl\/wp-json\/wp\/v2\/comments?post=366"}],"version-history":[{"count":0,"href":"https:\/\/www.cdlpv.org\/dtl\/wp-json\/wp\/v2\/posts\/366\/revisions"}],"wp:attachment":[{"href":"https:\/\/www.cdlpv.org\/dtl\/wp-json\/wp\/v2\/media?parent=366"}],"wp:term":[{"taxonomy":"category","embeddable":true,"href":"https:\/\/www.cdlpv.org\/dtl\/wp-json\/wp\/v2\/categories?post=366"},{"taxonomy":"post_tag","embeddable":true,"href":"https:\/\/www.cdlpv.org\/dtl\/wp-json\/wp\/v2\/tags?post=366"}],"curies":[{"name":"wp","href":"https:\/\/api.w.org\/{rel}","templated":true}]}}