{"id":3658,"date":"2019-10-28T16:00:42","date_gmt":"2019-10-28T15:00:42","guid":{"rendered":"http:\/\/www.cdlpv.org\/dtl\/?p=3658"},"modified":"2019-10-29T10:26:23","modified_gmt":"2019-10-29T09:26:23","slug":"sociolinguistica-a-la-placa","status":"publish","type":"post","link":"https:\/\/www.cdlpv.org\/dtl\/2019\/10\/28\/sociolinguistica-a-la-placa\/","title":{"rendered":"Socioling\u00fc\u00edstica a la pla\u00e7a"},"content":{"rendered":"<p>Els mitjans informen del trasp\u00e0s del socioling\u00fcista <a href=\"https:\/\/ca.wikipedia.org\/wiki\/Rafael_Ninyoles_i_Monllor\" target=\"_blank\" rel=\"noopener noreferrer\">Rafael Llu\u00eds Ninyoles Monllor<\/a>, un referent imprescindible per a estudiar l&#8217;evoluci\u00f3 del Pa\u00eds Valenci\u00e0 en el tractament i respecte institucional i social dels drets ling\u00fc\u00edstics.<\/p>\n<p>En relaci\u00f3 amb la socioling\u00fc\u00edstica de la ciutat de Val\u00e8ncia (i del pa\u00eds, certament), del 30 d&#8217;octubre al 3 de novembre es celebrar\u00e0 la setena edici\u00f3 de \u00abLa pla\u00e7a del llibre\u00bb (<em>Diari La Veu,<\/em> <a href=\"https:\/\/www.diarilaveu.com\/literatura-catalana-pren-valencia-placa-del-llibre-2019\" target=\"_blank\" rel=\"noopener noreferrer\">23.10.2019<\/a>):<\/p>\n<blockquote>\n<h2>De les prestatgeries al carrer (i viceversa): la literatura catalana pren el centre de Val\u00e8ncia per la Pla\u00e7a del Llibre<\/h2>\n<h3>M\u00e9s de cinquanta editorials amb multitud de novetats liter\u00e0ries es presentaran en la setena edici\u00f3 de la cita, que se celebrar\u00e0, de nou, a la pla\u00e7a de l&#8217;Ajuntament<\/h3>\n<\/blockquote>\n","protected":false},"excerpt":{"rendered":"<p>Els mitjans informen del trasp\u00e0s del socioling\u00fcista Rafael Llu\u00eds Ninyoles Monllor, un referent imprescindible per a estudiar l&#8217;evoluci\u00f3 del Pa\u00eds Valenci\u00e0 en el tractament i respecte institucional i social dels drets ling\u00fc\u00edstics. En relaci\u00f3 amb la socioling\u00fc\u00edstica de la ciutat de Val\u00e8ncia (i del pa\u00eds, certament), del 30 d&#8217;octubre al 3 de novembre es celebrar\u00e0 [&hellip;]<\/p>\n","protected":false},"author":56,"featured_media":0,"comment_status":"open","ping_status":"open","sticky":false,"template":"","format":"standard","meta":{"footnotes":""},"categories":[5,19,27],"tags":[163],"class_list":["post-3658","post","type-post","status-publish","format-standard","hentry","category-edicio","category-politica","category-sociolinguistica","tag-editorials"],"_links":{"self":[{"href":"https:\/\/www.cdlpv.org\/dtl\/wp-json\/wp\/v2\/posts\/3658","targetHints":{"allow":["GET"]}}],"collection":[{"href":"https:\/\/www.cdlpv.org\/dtl\/wp-json\/wp\/v2\/posts"}],"about":[{"href":"https:\/\/www.cdlpv.org\/dtl\/wp-json\/wp\/v2\/types\/post"}],"author":[{"embeddable":true,"href":"https:\/\/www.cdlpv.org\/dtl\/wp-json\/wp\/v2\/users\/56"}],"replies":[{"embeddable":true,"href":"https:\/\/www.cdlpv.org\/dtl\/wp-json\/wp\/v2\/comments?post=3658"}],"version-history":[{"count":2,"href":"https:\/\/www.cdlpv.org\/dtl\/wp-json\/wp\/v2\/posts\/3658\/revisions"}],"predecessor-version":[{"id":3660,"href":"https:\/\/www.cdlpv.org\/dtl\/wp-json\/wp\/v2\/posts\/3658\/revisions\/3660"}],"wp:attachment":[{"href":"https:\/\/www.cdlpv.org\/dtl\/wp-json\/wp\/v2\/media?parent=3658"}],"wp:term":[{"taxonomy":"category","embeddable":true,"href":"https:\/\/www.cdlpv.org\/dtl\/wp-json\/wp\/v2\/categories?post=3658"},{"taxonomy":"post_tag","embeddable":true,"href":"https:\/\/www.cdlpv.org\/dtl\/wp-json\/wp\/v2\/tags?post=3658"}],"curies":[{"name":"wp","href":"https:\/\/api.w.org\/{rel}","templated":true}]}}