{"id":365,"date":"2008-04-09T17:40:32","date_gmt":"2008-04-09T16:40:32","guid":{"rendered":"http:\/\/www.cdlpv.org\/dtl\/?p=365"},"modified":"2019-08-19T09:24:32","modified_gmt":"2019-08-19T08:24:32","slug":"spl-de-lajuntament-de-tarragona","status":"publish","type":"post","link":"https:\/\/www.cdlpv.org\/dtl\/2008\/04\/09\/spl-de-lajuntament-de-tarragona\/","title":{"rendered":"SPL de l&#8217;Ajuntament de Tarragona"},"content":{"rendered":"<p>Xavier Rull ens informa a trav\u00e9s de la llista InfoZ\u00e8fir de l&#8217;acte seg\u00fcent:<\/p>\n<blockquote><p>Presentaci\u00f3 del Servei de Pol\u00edtica Ling\u00fc\u00edstica de l&#8217;Ajuntament de Tarragona<\/p>\n<p>Dia: dilluns, 21 d&#8217;abril del 2008<br \/>\nHora: 19 hores<br \/>\nLloc: Casa Canals (carrer d&#8217;en Granada, 11, Tarragona)<\/p>\n<p>Hi assistir\u00e0 Bernat Joan, secretari de Pol\u00edtica Ling\u00fc\u00edstica de la Generalitat de Catalunya.<\/p><\/blockquote>\n","protected":false},"excerpt":{"rendered":"<p>Xavier Rull ens informa a trav\u00e9s de la llista InfoZ\u00e8fir de l&#8217;acte seg\u00fcent: Presentaci\u00f3 del Servei de Pol\u00edtica Ling\u00fc\u00edstica de l&#8217;Ajuntament de Tarragona Dia: dilluns, 21 d&#8217;abril del 2008 Hora: 19 hores Lloc: Casa Canals (carrer d&#8217;en Granada, 11, Tarragona) Hi assistir\u00e0 Bernat Joan, secretari de Pol\u00edtica Ling\u00fc\u00edstica de la Generalitat de Catalunya.<\/p>\n","protected":false},"author":2,"featured_media":0,"comment_status":"open","ping_status":"open","sticky":false,"template":"","format":"standard","meta":{"footnotes":""},"categories":[26],"tags":[50,459],"class_list":["post-365","post","type-post","status-publish","format-standard","hentry","category-serveis-linguistics","tag-administracio-local","tag-tarragona"],"_links":{"self":[{"href":"https:\/\/www.cdlpv.org\/dtl\/wp-json\/wp\/v2\/posts\/365","targetHints":{"allow":["GET"]}}],"collection":[{"href":"https:\/\/www.cdlpv.org\/dtl\/wp-json\/wp\/v2\/posts"}],"about":[{"href":"https:\/\/www.cdlpv.org\/dtl\/wp-json\/wp\/v2\/types\/post"}],"author":[{"embeddable":true,"href":"https:\/\/www.cdlpv.org\/dtl\/wp-json\/wp\/v2\/users\/2"}],"replies":[{"embeddable":true,"href":"https:\/\/www.cdlpv.org\/dtl\/wp-json\/wp\/v2\/comments?post=365"}],"version-history":[{"count":1,"href":"https:\/\/www.cdlpv.org\/dtl\/wp-json\/wp\/v2\/posts\/365\/revisions"}],"predecessor-version":[{"id":3585,"href":"https:\/\/www.cdlpv.org\/dtl\/wp-json\/wp\/v2\/posts\/365\/revisions\/3585"}],"wp:attachment":[{"href":"https:\/\/www.cdlpv.org\/dtl\/wp-json\/wp\/v2\/media?parent=365"}],"wp:term":[{"taxonomy":"category","embeddable":true,"href":"https:\/\/www.cdlpv.org\/dtl\/wp-json\/wp\/v2\/categories?post=365"},{"taxonomy":"post_tag","embeddable":true,"href":"https:\/\/www.cdlpv.org\/dtl\/wp-json\/wp\/v2\/tags?post=365"}],"curies":[{"name":"wp","href":"https:\/\/api.w.org\/{rel}","templated":true}]}}