{"id":364,"date":"2008-04-09T17:00:30","date_gmt":"2008-04-09T16:00:30","guid":{"rendered":"http:\/\/www.cdlpv.org\/dtl\/?p=364"},"modified":"2008-04-09T17:00:30","modified_gmt":"2008-04-09T16:00:30","slug":"concursos-en-lavl-i-oposicions-en-lupv","status":"publish","type":"post","link":"https:\/\/www.cdlpv.org\/dtl\/2008\/04\/09\/concursos-en-lavl-i-oposicions-en-lupv\/","title":{"rendered":"Concursos en l&#8217;AVL i oposicions en l&#8217;UPV"},"content":{"rendered":"<p>El <span class=\"versaleta\">cidaj<\/span> ens fa arribar la informaci\u00f3 seg\u00fcent:<\/p>\n<blockquote>\n<ul>\n<li>CORRECCI\u00d3 d&#8217;errades de la Resoluci\u00f3 de 14 de mar\u00e7 del 2008, de la Presid\u00e8ncia de l&#8217;Acad\u00e8mia Valenciana de la Llengua, per la qual es convoca un concurs de m\u00e8rits per a la provisi\u00f3 de quatre llocs de naturalesa funcionarial, sector Administraci\u00f3 especial, grup B (concurs 2\/2008), publicada en el DOCV n\u00fam. 5729, de 27 de mar\u00e7 del 2008. [2008\/3739] (<span class=\"versaleta\"><em>docv<\/em><\/span> n\u00fam. 5.733, de 02.04.2008)<br \/>\n<a href=\"http:\/\/www.pre.gva.es\/L\/BASIS\/BDLGVPU\/WEB\/LEV_LISTADOS_TEXTO\/DDW?W%3DSIGNATURA_N=3783+AND+SIGNATURA_A=2008%26R%3DN\" target=\"_blank\">&#8211; vegeu text<\/a><\/li>\n<li> RESOLUCI\u00d3 de 7 de mar\u00e7 de 2008, de la Universitat Polit\u00e8cnica de Val\u00e8ncia, per la qual es publiquen les llistes provisionals d&#8217;admesos i exclosos, i el tribunal de selecci\u00f3 de les proves selectives d&#8217;acc\u00e9s al grup B, sector d&#8217;administraci\u00f3 especial, t\u00e8cnic mitj\u00e0 de promoci\u00f3 ling\u00fc\u00edstica, pel sistema de concurs oposici\u00f3. (Convocat\u00f2ria de 18 d&#8217;octubre de 2007, DOCV de 25 d&#8217;octubre de 2007) (Codi: 2007\/P\/FC\/C\/11). [2008\/3158] (<span class=\"versaleta\"><em>docv<\/em><\/span> n\u00fam. 5.736, de 07.04.2008)<br \/>\n<a href=\"http:\/\/www.pre.gva.es\/L\/BASIS\/BDLGVPU\/WEB\/LEV_LISTADOS_TEXTO\/DDW?W%3DSIGNATURA_N=3946+AND+SIGNATURA_A=2008%26R%3DN\" target=\"_blank\">&#8211; vegeu text <\/a><\/li>\n<\/ul>\n<\/blockquote>\n","protected":false},"excerpt":{"rendered":"<p>El cidaj ens fa arribar la informaci\u00f3 seg\u00fcent: CORRECCI\u00d3 d&#8217;errades de la Resoluci\u00f3 de 14 de mar\u00e7 del 2008, de la Presid\u00e8ncia de l&#8217;Acad\u00e8mia Valenciana de la Llengua, per la qual es convoca un concurs de m\u00e8rits per a la provisi\u00f3 de quatre llocs de naturalesa funcionarial, sector Administraci\u00f3 especial, grup B (concurs 2\/2008), publicada [&hellip;]<\/p>\n","protected":false},"author":2,"featured_media":0,"comment_status":"open","ping_status":"open","sticky":false,"template":"","format":"standard","meta":{"footnotes":""},"categories":[38,43,1,15,18],"tags":[503],"class_list":["post-364","post","type-post","status-publish","format-standard","hentry","category-avl","category-concursos","category-general","category-laboral","category-oposicions","tag-upv"],"_links":{"self":[{"href":"https:\/\/www.cdlpv.org\/dtl\/wp-json\/wp\/v2\/posts\/364","targetHints":{"allow":["GET"]}}],"collection":[{"href":"https:\/\/www.cdlpv.org\/dtl\/wp-json\/wp\/v2\/posts"}],"about":[{"href":"https:\/\/www.cdlpv.org\/dtl\/wp-json\/wp\/v2\/types\/post"}],"author":[{"embeddable":true,"href":"https:\/\/www.cdlpv.org\/dtl\/wp-json\/wp\/v2\/users\/2"}],"replies":[{"embeddable":true,"href":"https:\/\/www.cdlpv.org\/dtl\/wp-json\/wp\/v2\/comments?post=364"}],"version-history":[{"count":0,"href":"https:\/\/www.cdlpv.org\/dtl\/wp-json\/wp\/v2\/posts\/364\/revisions"}],"wp:attachment":[{"href":"https:\/\/www.cdlpv.org\/dtl\/wp-json\/wp\/v2\/media?parent=364"}],"wp:term":[{"taxonomy":"category","embeddable":true,"href":"https:\/\/www.cdlpv.org\/dtl\/wp-json\/wp\/v2\/categories?post=364"},{"taxonomy":"post_tag","embeddable":true,"href":"https:\/\/www.cdlpv.org\/dtl\/wp-json\/wp\/v2\/tags?post=364"}],"curies":[{"name":"wp","href":"https:\/\/api.w.org\/{rel}","templated":true}]}}