{"id":363,"date":"2008-04-09T08:58:19","date_gmt":"2008-04-09T07:58:19","guid":{"rendered":"http:\/\/www.cdlpv.org\/dtl\/?p=363"},"modified":"2008-04-09T08:58:19","modified_gmt":"2008-04-09T07:58:19","slug":"flaixos-dindicadors-linguistics-i-de-cinema","status":"publish","type":"post","link":"https:\/\/www.cdlpv.org\/dtl\/2008\/04\/09\/flaixos-dindicadors-linguistics-i-de-cinema\/","title":{"rendered":"Flaixos d&#8217;indicadors ling\u00fc\u00edstics i de cinema"},"content":{"rendered":"<p>Els <em>Flaixos d&#8217;Actualitat<\/em> <a href=\"http:\/\/www20.gencat.cat\/portal\/site\/Llengcat\/menuitem.eeaadea1a040d1e7a129d410b0c0e1a0\/?vgnextoid=c0a34fdc65103110VgnVCM1000008d0c1e0aRCRD&#038;vgnextchannel=c0a34fdc65103110VgnVCM1000008d0c1e0aRCRD&#038;vgnextfmt=default\" target=\"_blank\">(n\u00fam. 11)<\/a> ens informen d&#8217;alguns recursos interessants:<\/p>\n<blockquote>\n<ul>\n<li>\n<h2><a href=\"http:\/\/www20.gencat.cat\/portal\/site\/Llengcat\/menuitem.1ab5a94fef60a1e7a129d410b0c0e1a0\/?vgnextoid=c230f9465ff61110VgnVCM1000000b0c1e0aRCRD&#038;vgnextchannel=c230f9465ff61110VgnVCM1000000b0c1e0aRCRD&#038;vgnextfmt=default\" target=\"_blank\">Sistema d&#8217;indicadors ling\u00fc\u00edstics<\/a><\/h2>\n<p>Al portal de la llengua catalana es poden consultar les primeres dades del Sistema d\u2019indicadors ling\u00fc\u00edstics, una estad\u00edstica oficial recollida en el Pla estad\u00edstic de Catalunya 2006-2009. Es tracta d\u2019un recull de dades ling\u00fc\u00edstiques relatives a set \u00e0mbits: la poblaci\u00f3, l\u2019administraci\u00f3 p\u00fablica, el sistema educatiu, els mitjans de comunicaci\u00f3 i ind\u00fastries culturals, el m\u00f3n socioecon\u00f2mic, el m\u00f3n associatiu i les institucions sanit\u00e0ries. L\u2019objectiu d\u2019aquest recull \u00e9s disposar de dades sobre el coneixement i l\u2019\u00fas de la llengua catalana en el moment actual i la seva evoluci\u00f3 amb el pas del temps, i per tant fer-ne un seguiment.\n<\/li>\n<li>\n<h2><a href=\"http:\/\/www20.gencat.cat\/portal\/site\/Llengcat\/menuitem.5ecc41313c6e17e295029110b0c0e1a0\/?vgnextoid=cedaaa22b7103110VgnVCM1000008d0c1e0aRCRD&#038;vgnextchannel=cedaaa22b7103110VgnVCM1000008d0c1e0aRCRD&#038;vgnextfmt=detall&#038;contentid=07a805f5bdc29110VgnVCM1000008d0c1e0aRCRD\" target=\"_blank\">Cartellera de cinema en catal\u00e0<\/a><\/h2>\n<p>Les properes estrenes previstes s\u00f3n:<br \/>\n&mdash; <em>Be Kind Rewind<\/em> <em>(Rebobineu, si us plau)<\/em>. Una com\u00e8dia que es podr\u00e0 veure en versi\u00f3 original subtitulada al catal\u00e0 als cinemes Verdi a partir de l\u201911 d\u2019abril.<br \/>\n&mdash; <em>Elegy<\/em>.  Pel\u00b7l\u00edcula dirigida per Isabel Coixet que narra la hist\u00f2ria d&#8217;amor entre un home madur (Ben Kingsley) i la seva jove alumna cubana (Pen\u00e9lope Cruz). S\u2019estrena el 18 d\u2019abril en versi\u00f3 doblada al catal\u00e0.\n<\/li>\n<\/ul>\n<\/blockquote>\n","protected":false},"excerpt":{"rendered":"<p>Els Flaixos d&#8217;Actualitat (n\u00fam. 11) ens informen d&#8217;alguns recursos interessants: Sistema d&#8217;indicadors ling\u00fc\u00edstics Al portal de la llengua catalana es poden consultar les primeres dades del Sistema d\u2019indicadors ling\u00fc\u00edstics, una estad\u00edstica oficial recollida en el Pla estad\u00edstic de Catalunya 2006-2009. Es tracta d\u2019un recull de dades ling\u00fc\u00edstiques relatives a set \u00e0mbits: la poblaci\u00f3, l\u2019administraci\u00f3 p\u00fablica, [&hellip;]<\/p>\n","protected":false},"author":2,"featured_media":0,"comment_status":"open","ping_status":"open","sticky":false,"template":"","format":"standard","meta":{"footnotes":""},"categories":[2,27],"tags":[206,243,361],"class_list":["post-363","post","type-post","status-publish","format-standard","hentry","category-comunicacio","category-sociolinguistica","tag-flaixos-dactualitat","tag-indicadors","tag-pellicules"],"_links":{"self":[{"href":"https:\/\/www.cdlpv.org\/dtl\/wp-json\/wp\/v2\/posts\/363","targetHints":{"allow":["GET"]}}],"collection":[{"href":"https:\/\/www.cdlpv.org\/dtl\/wp-json\/wp\/v2\/posts"}],"about":[{"href":"https:\/\/www.cdlpv.org\/dtl\/wp-json\/wp\/v2\/types\/post"}],"author":[{"embeddable":true,"href":"https:\/\/www.cdlpv.org\/dtl\/wp-json\/wp\/v2\/users\/2"}],"replies":[{"embeddable":true,"href":"https:\/\/www.cdlpv.org\/dtl\/wp-json\/wp\/v2\/comments?post=363"}],"version-history":[{"count":0,"href":"https:\/\/www.cdlpv.org\/dtl\/wp-json\/wp\/v2\/posts\/363\/revisions"}],"wp:attachment":[{"href":"https:\/\/www.cdlpv.org\/dtl\/wp-json\/wp\/v2\/media?parent=363"}],"wp:term":[{"taxonomy":"category","embeddable":true,"href":"https:\/\/www.cdlpv.org\/dtl\/wp-json\/wp\/v2\/categories?post=363"},{"taxonomy":"post_tag","embeddable":true,"href":"https:\/\/www.cdlpv.org\/dtl\/wp-json\/wp\/v2\/tags?post=363"}],"curies":[{"name":"wp","href":"https:\/\/api.w.org\/{rel}","templated":true}]}}