{"id":362,"date":"2008-04-08T12:18:34","date_gmt":"2008-04-08T11:18:34","guid":{"rendered":"http:\/\/www.cdlpv.org\/dtl\/?p=362"},"modified":"2008-04-08T12:18:34","modified_gmt":"2008-04-08T11:18:34","slug":"processos-judicials-a-larago","status":"publish","type":"post","link":"https:\/\/www.cdlpv.org\/dtl\/2008\/04\/08\/processos-judicials-a-larago\/","title":{"rendered":"Processos judicials a l&#8217;Arag\u00f3"},"content":{"rendered":"<p>A l&#8217;Arag\u00f3, a banda del fet que el catal\u00e0 encara no ha estat reconegut oficialment pel govern de Marcel\u00b7l\u00ed Iglesias (<span class=\"versaleta\">psoe<\/span>), a pesar dels numerets m\u00e9s o menys interessants que puga fer per Poblet amb motiu del huit\u00e9 centenari del naixement de Jaume I \u2014on no va anar Francisco Camps, president de la Generalitat valenciana, per\u00f2 s\u00ed que ho f\u00e9u la consellera de Cultura, Maritina Hern\u00e1ndez Mi\u00f1ana\u2014, passen algunes coses estranyes i hi ha processos judicials una mica estramb\u00f2tics, que segurament es resoldran positivament per a la Iniciativa Cultura de la Franja. M\u00e9s informaci\u00f3 en <a href=\"http:\/\/locacaodelafacao.wordpress.com\/\" target=\"_blank\"><em>Lo Cacao de la FACAO<\/em><\/a>.<\/p>\n","protected":false},"excerpt":{"rendered":"<p>A l&#8217;Arag\u00f3, a banda del fet que el catal\u00e0 encara no ha estat reconegut oficialment pel govern de Marcel\u00b7l\u00ed Iglesias (psoe), a pesar dels numerets m\u00e9s o menys interessants que puga fer per Poblet amb motiu del huit\u00e9 centenari del naixement de Jaume I \u2014on no va anar Francisco Camps, president de la Generalitat valenciana, [&hellip;]<\/p>\n","protected":false},"author":2,"featured_media":0,"comment_status":"open","ping_status":"open","sticky":false,"template":"","format":"standard","meta":{"footnotes":""},"categories":[36,1,27],"tags":[62,237],"class_list":["post-362","post","type-post","status-publish","format-standard","hentry","category-allofobia","category-general","category-sociolinguistica","tag-arago","tag-icf"],"_links":{"self":[{"href":"https:\/\/www.cdlpv.org\/dtl\/wp-json\/wp\/v2\/posts\/362","targetHints":{"allow":["GET"]}}],"collection":[{"href":"https:\/\/www.cdlpv.org\/dtl\/wp-json\/wp\/v2\/posts"}],"about":[{"href":"https:\/\/www.cdlpv.org\/dtl\/wp-json\/wp\/v2\/types\/post"}],"author":[{"embeddable":true,"href":"https:\/\/www.cdlpv.org\/dtl\/wp-json\/wp\/v2\/users\/2"}],"replies":[{"embeddable":true,"href":"https:\/\/www.cdlpv.org\/dtl\/wp-json\/wp\/v2\/comments?post=362"}],"version-history":[{"count":0,"href":"https:\/\/www.cdlpv.org\/dtl\/wp-json\/wp\/v2\/posts\/362\/revisions"}],"wp:attachment":[{"href":"https:\/\/www.cdlpv.org\/dtl\/wp-json\/wp\/v2\/media?parent=362"}],"wp:term":[{"taxonomy":"category","embeddable":true,"href":"https:\/\/www.cdlpv.org\/dtl\/wp-json\/wp\/v2\/categories?post=362"},{"taxonomy":"post_tag","embeddable":true,"href":"https:\/\/www.cdlpv.org\/dtl\/wp-json\/wp\/v2\/tags?post=362"}],"curies":[{"name":"wp","href":"https:\/\/api.w.org\/{rel}","templated":true}]}}