{"id":36,"date":"2007-02-03T18:42:04","date_gmt":"2007-02-03T17:42:04","guid":{"rendered":"http:\/\/www.cdlpv.org\/dtl\/?p=36"},"modified":"2007-02-03T18:42:04","modified_gmt":"2007-02-03T17:42:04","slug":"cursos-concursos-i-un-petit-dol-literari","status":"publish","type":"post","link":"https:\/\/www.cdlpv.org\/dtl\/2007\/02\/03\/cursos-concursos-i-un-petit-dol-literari\/","title":{"rendered":"Cursos, concursos i un petit dol literari"},"content":{"rendered":"<p>En el m\u00f3n dels t\u00e8cnics ling\u00fc\u00edstics dins de les administracions p\u00fabliques no hi solen haver molts moviments que airegen l&#8217;ambient i la promoci\u00f3 professional, no hi ha massa ocasions per a provar llocs de treball diferents. Per sort, els rumors ben fonamentats de la possibilitat que en la Conselleria de Presid\u00e8ncia de la Generalitat valenciana \u2014en el servei que elabora el diari oficial\u2014 estiguen pensant a canviar algunes peces de lloc, \u00e9s a dir, a crear un lloc de cap \u2014d&#8217;alguna cosa sense concretar encara\u2014 per als t\u00e8cnics i, en conseq\u00fc\u00e8ncia, a possibilitar dos concursos, \u00e9s un rumor que caldr\u00e0 que seguim tots de prop \u2014sobretot els interessats\u2014, per vore en qu\u00e8 \u00e9s concreta i com es gestiona eixe procediment.<\/p>\n<p>Suposem \u2014i \u00e9s molt suposar, certament\u2014 que voldran fer-ho respectant els principis d&#8217;igualtat, m\u00e8rit, capacitat i publicitat. Una altra cosa, ja ho sabem massa, seria impensable i possiblement il\u00b7legal. O potser nom\u00e9s seria una gesti\u00f3 <em>normal<\/em>? Ara no s\u00e9 si estic conf\u00f3s&#8230;<\/p>\n<p>D&#8217;altra banda, una altra not\u00edcia de la setmana \u00e9s que el curs de reciclatge per a t\u00e8cnics ling\u00fc\u00edstics que s&#8217;han tret del barret en Pol\u00edtica Ling\u00fc\u00edstica, doncs, ha estat un \u00e8xit pel que fa a les inscripcions \u2014cosa que es veu que no s&#8217;esperaven\u2014 i han hagut de fer dos grups i ampliar les dates. El Joan Ramon Borr\u00e0s, que \u00e9s el professor del curs, deu estar ben desvanit.<\/p>\n<p>Finalment i malauradament, hem sabut que ha faltat Xelo Carbonell, bibliotec\u00e0ria de Silla i impulsora del premi <a title=\"Comentari de Xulio Ricardo Trigo\" target=\"_blank\" href=\"http:\/\/blocs.mesvilaweb.cat\/node\/view\/id\/9313\">Samaruc<\/a> que concedix l&#8217;<a title=\"Web dels bibliotecaris\" target=\"_blank\" href=\"http:\/\/www.bibliotecaris.org\/jombib\/index.php\">Associaci\u00f3 de Bibliotecaris Valencians<\/a>. Potser ella s\u00ed que va entendre el que canta Carla Bruni: \u00abTout le monde a une seule vie qui passe, mais tout le monde ne s&#8217;en souvient pas\u00bb.<\/p>\n","protected":false},"excerpt":{"rendered":"<p>En el m\u00f3n dels t\u00e8cnics ling\u00fc\u00edstics dins de les administracions p\u00fabliques no hi solen haver molts moviments que airegen l&#8217;ambient i la promoci\u00f3 professional, no hi ha massa ocasions per a provar llocs de treball diferents. Per sort, els rumors ben fonamentats de la possibilitat que en la Conselleria de Presid\u00e8ncia de la Generalitat valenciana [&hellip;]<\/p>\n","protected":false},"author":2,"featured_media":0,"comment_status":"open","ping_status":"open","sticky":false,"template":"","format":"standard","meta":{"footnotes":""},"categories":[1,15,47],"tags":[],"class_list":["post-36","post","type-post","status-publish","format-standard","hentry","category-general","category-laboral","category-planificacio"],"_links":{"self":[{"href":"https:\/\/www.cdlpv.org\/dtl\/wp-json\/wp\/v2\/posts\/36","targetHints":{"allow":["GET"]}}],"collection":[{"href":"https:\/\/www.cdlpv.org\/dtl\/wp-json\/wp\/v2\/posts"}],"about":[{"href":"https:\/\/www.cdlpv.org\/dtl\/wp-json\/wp\/v2\/types\/post"}],"author":[{"embeddable":true,"href":"https:\/\/www.cdlpv.org\/dtl\/wp-json\/wp\/v2\/users\/2"}],"replies":[{"embeddable":true,"href":"https:\/\/www.cdlpv.org\/dtl\/wp-json\/wp\/v2\/comments?post=36"}],"version-history":[{"count":0,"href":"https:\/\/www.cdlpv.org\/dtl\/wp-json\/wp\/v2\/posts\/36\/revisions"}],"wp:attachment":[{"href":"https:\/\/www.cdlpv.org\/dtl\/wp-json\/wp\/v2\/media?parent=36"}],"wp:term":[{"taxonomy":"category","embeddable":true,"href":"https:\/\/www.cdlpv.org\/dtl\/wp-json\/wp\/v2\/categories?post=36"},{"taxonomy":"post_tag","embeddable":true,"href":"https:\/\/www.cdlpv.org\/dtl\/wp-json\/wp\/v2\/tags?post=36"}],"curies":[{"name":"wp","href":"https:\/\/api.w.org\/{rel}","templated":true}]}}