{"id":3599,"date":"2007-04-30T10:55:13","date_gmt":"2007-04-30T09:55:13","guid":{"rendered":"http:\/\/www.cdlpv.org\/dtl\/?p=3599"},"modified":"2019-08-19T11:17:32","modified_gmt":"2019-08-19T10:17:32","slug":"requisit-linguistic","status":"publish","type":"post","link":"https:\/\/www.cdlpv.org\/dtl\/2007\/04\/30\/requisit-linguistic\/","title":{"rendered":"Not\u00edcies sobre el requisit ling\u00fc\u00edstic (2002-2007)"},"content":{"rendered":"<table style=\"width: 100%; height: 1226px;\" border=\"0\" cellspacing=\"5\" cellpadding=\"2\">\n<tbody>\n<tr style=\"height: 106px;\">\n<td style=\"height: 106px;\" valign=\"top\" width=\"79%\">\n<h2 class=\"inicial\">M\u00e9s not\u00edcies i dades en el <em>DTL,<\/em> categoria: \u00ab<a href=\"http:\/\/www.cdlpv.org\/dtl\/category\/dret\/requisit-linguistic\/\" target=\"_blank\" rel=\"noopener noreferrer\">requisit ling\u00fc\u00edstic<\/a>\u00bb<\/h2>\n<\/td>\n<td style=\"height: 106px;\" valign=\"top\" width=\"21%\"><em>2007.04.30<\/em><\/td>\n<\/tr>\n<tr style=\"height: 64px;\">\n<td style=\"height: 64px;\">A Burjassot hi ha mancances urgents en el requisit ling\u00fc\u00edstic d&#8217;alguns funcionaris [<a href=\"http:\/\/www.einesdellengua.com\/Legis\/Arxius\/Requisit\/lev070217.htm\" target=\"_blank\" rel=\"noopener noreferrer\">Arxiu<\/a>]<\/td>\n<td style=\"height: 64px;\">\n<p class=\"\"><em>2007.02.17<\/em><\/p>\n<\/td>\n<\/tr>\n<tr style=\"height: 72px;\">\n<td style=\"height: 72px;\">El TSJ valenci\u00e0 torna a validar l&#8217;acreditaci\u00f3 dels coneixements ling\u00fc\u00edstics en les oposicions amb la titulaci\u00f3 de filologia catalana [<a href=\"http:\/\/www.einesdellengua.com\/Legis\/Arxius\/Requisit\/lev061118.htm\" target=\"_blank\" rel=\"noopener noreferrer\">Arxiu<\/a>]<\/td>\n<td style=\"height: 72px;\">\n<p class=\"\"><em>2006.11.18<\/em><\/p>\n<\/td>\n<\/tr>\n<tr style=\"height: 72px;\">\n<td style=\"height: 72px;\">El TSJ valenci\u00e0 troba ben correcte que l&#8217;arquitecte municipal de Carcaixent complixca el requisit ling\u00fc\u00edstic que establix la relaci\u00f3 de llocs de treball [<a href=\"http:\/\/www.einesdellengua.com\/Legis\/Arxius\/Requisit\/carcaixent\/STSJ765-2006.htm\" target=\"_blank\" rel=\"noopener noreferrer\">Arxiu<\/a>] \/ <a href=\"http:\/\/www.einesdellengua.com\/Legis\/Sentencies\/STSJ765-2006.htm\" target=\"_blank\" rel=\"noopener noreferrer\">[Sent\u00e8ncia 765\/2006]<\/a><\/td>\n<td style=\"height: 72px;\">\n<p class=\"\"><em>2006.09.15<\/em><\/p>\n<\/td>\n<\/tr>\n<tr style=\"height: 72px;\">\n<td style=\"height: 72px;\">El S\u00edndic de Greuges es preocupa m\u00e9s pels drets ling\u00fc\u00edstics dels ciutadans valencians que algunes alcaldesses [<a href=\"http:\/\/www.einesdellengua.com\/Legis\/Arxius\/Requisit\/lev060822.htm\" target=\"_blank\" rel=\"noopener noreferrer\">Arxiu<\/a>] \/ [<a href=\"http:\/\/www.geocities.com\/asensi.geo\/Sindicweb\/Sindic\/index.htm\" target=\"_blank\" rel=\"noopener noreferrer\">Queixes al S\u00edndic de Greuges<\/a>]<\/td>\n<td style=\"height: 72px;\">\n<p class=\"\"><em>2006.08.22<\/em><\/p>\n<\/td>\n<\/tr>\n<tr style=\"height: 64px;\">\n<td style=\"height: 64px;\">Hi ha jutges que es preocupen per les despeses ling\u00fc\u00edstiques innecess\u00e0ries: els mou l&#8217;economia? [<a href=\"http:\/\/www.einesdellengua.com\/Legis\/Arxius\/Requisit\/lev060707.htm\" target=\"_blank\" rel=\"noopener noreferrer\">Arxiu<\/a>]<\/td>\n<td style=\"height: 64px;\">\n<p class=\"\"><em>2006.07.07<\/em><\/p>\n<\/td>\n<\/tr>\n<tr style=\"height: 72px;\">\n<td style=\"height: 72px;\">Nota de premsa de l&#8217;STEPV: el Tribunal Superior de Just\u00edcia sentencia que la titulaci\u00f3 de filologia catalana acredita el coneixements de valenci\u00e0 en les oposicions docents [<a href=\"http:\/\/www.einesdellengua.com\/Legis\/Arxius\/Requisit\/stapv060511.htm\" target=\"_blank\" rel=\"noopener noreferrer\">Arxiu<\/a>]<\/td>\n<td style=\"height: 72px;\">\n<p class=\"\"><em>2006.05.11<\/em><\/p>\n<\/td>\n<\/tr>\n<tr style=\"height: 120px;\">\n<td style=\"height: 120px;\">El Tribunal Suprem espanyol anul\u00b7la l&#8217;ordre del 1995 de la Conselleria de Cultura per la qual el govern del Partit Popular intentava impedir la revalidaci\u00f3 dels t\u00edtols de coneixements ling\u00fc\u00edstics arreu dels pa\u00efsos de llengua catalana [<a title=\"La sent\u00e8ncia.\" href=\"http:\/\/www.einesdellengua.com\/Legis\/Sentencies\/sts060315.htm\" target=\"_blank\" rel=\"noopener noreferrer\">Sent\u00e8ncia<\/a>] [<em>Levante<\/em>] [<a title=\"La not\u00edcia en un web jur\u00eddic.\" href=\"http:\/\/www.einesdellengua.com\/Legis\/Arxius\/Requisit\/nj060406.htm\" target=\"_blank\" rel=\"noopener noreferrer\"><em>Not\u00edcias Jur\u00eddicas<\/em><\/a>]<\/td>\n<td style=\"height: 120px;\">\n<p class=\"\"><em>2006.04.05<\/em><\/p>\n<\/td>\n<\/tr>\n<tr style=\"height: 64px;\">\n<td style=\"height: 64px;\">Les realitats de la discriminaci\u00f3 ling\u00fc\u00edstica [<a href=\"http:\/\/www.einesdellengua.com\/Legis\/Arxius\/Requisit\/lev060118.htm\" target=\"_blank\" rel=\"noopener noreferrer\">Arxiu<\/a>]<\/td>\n<td style=\"height: 64px;\">\n<p class=\"\"><em>2006.01.18<\/em><\/p>\n<\/td>\n<\/tr>\n<tr style=\"height: 72px;\">\n<td style=\"height: 72px;\">El pluriling\u00fcisme al Congr\u00e9s espanyol amb naturalitat i democr\u00e0ticament, segons Albert Branchadell i Ferran Requejo [<a href=\"http:\/\/www.einesdellengua.com\/Legis\/Arxius\/Requisit\/vang051221.htm\" target=\"_blank\" rel=\"noopener noreferrer\">Arxiu<\/a>]<\/td>\n<td style=\"height: 72px;\">\n<p class=\"\"><em>2005.12.21<\/em><\/p>\n<\/td>\n<\/tr>\n<tr style=\"height: 64px;\">\n<td style=\"height: 64px;\">El TSJ valenci\u00e0 torna a admetre la denominaci\u00f3 <em>llengua catalana<\/em> i rebutja la demag\u00f2gia del govern del PP [<a href=\"http:\/\/www.einesdellengua.com\/Legis\/Arxius\/Requisit\/uveg051130.htm\" target=\"_blank\" rel=\"noopener noreferrer\">Arxiu<\/a>]<\/td>\n<td style=\"height: 64px;\">\n<p class=\"\"><em>2005.11.30<\/em><\/p>\n<\/td>\n<\/tr>\n<tr style=\"height: 64px;\">\n<td style=\"height: 64px;\">Catalanoparlants per fi al Senat [<a href=\"http:\/\/www.einesdellengua.com\/Legis\/Arxius\/Requisit\/av051108.htm\" target=\"_blank\" rel=\"noopener noreferrer\">Arxiu<\/a>]<\/td>\n<td style=\"height: 64px;\">\n<p class=\"\"><em>2005.11.08<\/em><\/p>\n<\/td>\n<\/tr>\n<tr style=\"height: 64px;\">\n<td style=\"height: 64px;\">Nova passa de censura a l&#8217;administraci\u00f3 del Consell valenci\u00e0 [<a href=\"http:\/\/www.einesdellengua.com\/Legis\/Arxius\/Requisit\/lev051031.htm\" target=\"_blank\" rel=\"noopener noreferrer\">Arxiu<\/a>]<\/td>\n<td style=\"height: 64px;\">\n<p class=\"\"><em>2005.10.31<\/em><\/p>\n<\/td>\n<\/tr>\n<tr style=\"height: 64px;\">\n<td style=\"height: 64px;\">Les coses que es mouen entre la Franja de Ponent i Europa [<a href=\"http:\/\/www.einesdellengua.com\/Legis\/Arxius\/Requisit\/fp051025.htm\" target=\"_blank\" rel=\"noopener noreferrer\">Arxiu<\/a>]<\/td>\n<td style=\"height: 64px;\">\n<p class=\"\"><em>2005.10.25<\/em><\/p>\n<\/td>\n<\/tr>\n<tr style=\"height: 64px;\">\n<td style=\"height: 64px;\">L&#8217;Audi\u00e8ncia Provincial de Tarragona fluixeja en respecte ling\u00fc\u00edstic [<a href=\"http:\/\/www.einesdellengua.com\/Legis\/Arxius\/Requisit\/nj051021.htm\" target=\"_blank\" rel=\"noopener noreferrer\">Arxiu<\/a>]<\/td>\n<td style=\"height: 64px;\">\n<p class=\"\"><em>2005.10.21<\/em><\/p>\n<\/td>\n<\/tr>\n<tr style=\"height: 64px;\">\n<td style=\"height: 64px;\">El PP continua impedint que l&#8217;administraci\u00f3 funcione normalment en les lleng\u00fces oficials [<a href=\"http:\/\/www.einesdellengua.com\/Legis\/Arxius\/Requisit\/ep051019.htm\" target=\"_blank\" rel=\"noopener noreferrer\">Arxiu<\/a>]<\/td>\n<td style=\"height: 64px;\">\n<p class=\"\"><em>2005.10.19<\/em><\/p>\n<\/td>\n<\/tr>\n<tr style=\"height: 64px;\">\n<td style=\"height: 64px;\">El Bar\u00e7a d\u00f3na suport a la campanya \u00abA taula, en catal\u00e0\u00bb [<a href=\"http:\/\/www.einesdellengua.com\/Legis\/Arxius\/Requisit\/plat050917.htm\" target=\"_blank\" rel=\"noopener noreferrer\">Arxiu<\/a>]<\/td>\n<td style=\"height: 64px;\">\n<p class=\"\"><em>2005.09.17<\/em><\/p>\n<\/td>\n<\/tr>\n<\/tbody>\n<\/table>\n<table style=\"width: 100%;\" border=\"0\" cellspacing=\"5\" cellpadding=\"2\">\n<tbody>\n<tr>\n<td style=\"width: 77.8125%;\">Ja ten\u00edem els codis ISO <em>cat\/ca<\/em>; ara tenim espai a la xarxa: .cat [<a href=\"http:\/\/www.einesdellengua.com\/Legis\/Arxius\/Requisit\/vw050916.htm\" target=\"_blank\" rel=\"noopener noreferrer\">Arxiu<\/a>]<\/td>\n<td style=\"width: 22.0313%;\">\n<p class=\"\"><em>2005.09.16<\/em><\/p>\n<\/td>\n<\/tr>\n<tr>\n<td style=\"width: 77.8125%;\">Incident a l&#8217;hora d&#8217;examinar-se per a obtindre el perm\u00eds de conduir [<a href=\"http:\/\/www.einesdellengua.com\/Legis\/Arxius\/Requisit\/lev050713.htm\" target=\"_self\" rel=\"noopener noreferrer\">Arxiu<\/a>]<\/td>\n<td style=\"width: 22.0313%;\">\n<p class=\"\"><em>2005.07.13<\/em><\/p>\n<\/td>\n<\/tr>\n<tr>\n<td style=\"width: 77.8125%;\">El TSJ ja havia reconegut en el 2004 la validesa del requisit ling\u00fc\u00edstic per als funcionaris d&#8217;administraci\u00f3 locals amb habilitaci\u00f3 nacional. No s\u00e9 per qu\u00e8, nom\u00e9s ens n&#8217;hem assabentat ara: \u00bfn&#8217;han dit res els diaris?, \u00bfse n&#8217;han assabentat els pol\u00edtics? [<a href=\"http:\/\/www.einesdellengua.com\/Legis\/Requisit.htm#beniganim\" target=\"_self\" rel=\"noopener noreferrer\">Vegeu-ho<\/a>]<\/td>\n<td style=\"width: 22.0313%;\">\n<p class=\"\"><em>2005.07.11 (2004)<\/em><\/p>\n<\/td>\n<\/tr>\n<tr>\n<td style=\"width: 77.8125%;\">El TSJ insisteix en la seua l\u00ednia basada en la STC 75\/1997: estatuts de la Universitat d&#8217;Alacant [<a href=\"http:\/\/www.einesdellengua.com\/Legis\/Arxius\/Requisit\/ua050707.htm\" target=\"_blank\" rel=\"noopener noreferrer\">Arxiu<\/a>]<\/td>\n<td style=\"width: 22.0313%;\">\n<p class=\"\"><em>2005.07.07<\/em><\/p>\n<\/td>\n<\/tr>\n<tr>\n<td style=\"width: 77.8125%;\">Rosa Reg\u00e0s administra amb criteris racionals i fonamentats la Biblioteca Nacional espanyola [<a href=\"http:\/\/www.einesdellengua.com\/Legis\/Arxius\/Requisit\/lev050628.htm\" target=\"_blank\" rel=\"noopener noreferrer\">Arxiu<\/a>]<\/td>\n<td style=\"width: 22.0313%;\">\n<p class=\"\"><em>2005.06.28<\/em><\/p>\n<\/td>\n<\/tr>\n<tr>\n<td style=\"width: 77.8125%;\">Constru\u00efm l&#8217;Europa tamb\u00e9 amb el catal\u00e0 (i el ga\u00e8lic irland\u00e9s, \u00e9s clar!) [<a href=\"http:\/\/www.einesdellengua.com\/Legis\/Arxius\/Requisit\/ep050613.htm\" target=\"_blank\" rel=\"noopener noreferrer\">Arxiu<\/a>]<\/td>\n<td style=\"width: 22.0313%;\">\n<p class=\"\"><em>2005.06.13<\/em><\/p>\n<\/td>\n<\/tr>\n<tr>\n<td style=\"width: 77.8125%;\">El catal\u00e0 als jutjats: el CGPJ espanyol es posa les piles, per\u00f2 gr\u00e0cies a un vocal catal\u00e0: casualitat? o que cadasc\u00fa es rasque&#8230;? [<a href=\"http:\/\/www.einesdellengua.com\/Legis\/Arxius\/Requisit\/ep050601.htm\" target=\"_blank\" rel=\"noopener noreferrer\">Arxiu<\/a>]<\/td>\n<td style=\"width: 22.0313%;\">\n<p class=\"\"><em>2005.06.01<\/em><\/p>\n<\/td>\n<\/tr>\n<tr>\n<td style=\"width: 77.8125%;\">I m\u00e9s sent\u00e8ncies del TSJ a favor de la filologia catalana al Pa\u00eds Valenci\u00e0: la Generalitat no hauria de jugar amb els drets de les persones [<a href=\"http:\/\/www.einesdellengua.com\/Legis\/Arxius\/Requisit\/ep050530.htm\" target=\"_blank\" rel=\"noopener noreferrer\">Arxiu<\/a>]<\/td>\n<td style=\"width: 22.0313%;\">\n<p class=\"\"><em>2005.05.30<\/em><\/p>\n<\/td>\n<\/tr>\n<tr>\n<td style=\"width: 77.8125%;\">El TSJCV reconeix el dret de l&#8217;UJI a utilitzar en els seus estatuts l&#8217;expressi\u00f3 \u00abacad\u00e8micament llengua catalana\u00bb [<a href=\"http:\/\/www.einesdellengua.com\/Legis\/Arxius\/Requisit\/ep050422.htm\" target=\"_blank\" rel=\"noopener noreferrer\">Arxiu<\/a>]<\/td>\n<td style=\"width: 22.0313%;\">\n<p class=\"\"><em>2005.04.22<\/em><\/p>\n<\/td>\n<\/tr>\n<tr>\n<td style=\"width: 77.8125%;\">La discriminaci\u00f3 ling\u00fc\u00edstica practicada pel PSOE i el PP tracta de perpetuar-se al Congr\u00e9s espanyol [<a href=\"http:\/\/www.einesdellengua.com\/Legis\/Arxius\/Requisit\/nj050422.htm\" target=\"_blank\" rel=\"noopener noreferrer\">Arxiu<\/a>]<\/td>\n<td style=\"width: 22.0313%;\">\n<p class=\"\"><em>2005.04.22<\/em><\/p>\n<\/td>\n<\/tr>\n<tr>\n<td style=\"width: 77.8125%;\">La policia practica la persecuci\u00f3 ling\u00fc\u00edstica: la ignor\u00e0ncia com era?, atrevida?, o una cosa pitjor si porta pistola? [<a href=\"http:\/\/www.einesdellengua.com\/Legis\/Arxius\/Requisit\/lev050421.htm\" target=\"_blank\" rel=\"noopener noreferrer\">Arxiu<\/a>]<\/td>\n<td style=\"width: 22.0313%;\">\n<p class=\"\"><em>2005.04.21<\/em><\/p>\n<\/td>\n<\/tr>\n<tr>\n<td style=\"width: 77.8125%;\">Les EOI tindran catal\u00e0\/valenci\u00e0: la racionalitat (exigible) d&#8217;uns i la demag\u00f2gia (sup\u00e8rflua i facciosa) d&#8217;altres [<a href=\"http:\/\/www.einesdellengua.com\/Legis\/Arxius\/Requisit\/ep050417.htm\" target=\"_blank\" rel=\"noopener noreferrer\">Arxiu<\/a>]<\/td>\n<td style=\"width: 22.0313%;\">\n<p class=\"\"><em>2005.04.17<\/em><\/p>\n<\/td>\n<\/tr>\n<tr>\n<td style=\"width: 77.8125%;\">Fa un any i mig del dec\u00e0leg d&#8217;Ares: commemoraci\u00f3 fant\u00e0stica&#8230; [<a href=\"http:\/\/www.einesdellengua.com\/Legis\/Arxius\/Requisit\/lev050322.htm\" target=\"_blank\" rel=\"noopener noreferrer\">Arxiu<\/a>]<\/td>\n<td style=\"width: 22.0313%;\">\n<p class=\"\"><em>2005.03.22<\/em><\/p>\n<\/td>\n<\/tr>\n<tr>\n<td style=\"width: 77.8125%;\">El president del Congr\u00e9s espanyol, el socialista Manuel Mar\u00edn, es permet arbitrarietats ling\u00fc\u00edstiques: que alg\u00fa li recorde que hi ha uns professionals molt dignes i amb dret a treballar que es diuen int\u00e8rprets! [<a href=\"http:\/\/www.einesdellengua.com\/Legis\/Arxius\/Requisit\/av0500301.htm\" target=\"_blank\" rel=\"noopener noreferrer\">Arxiu<\/a>]<\/td>\n<td style=\"width: 22.0313%;\">\n<p class=\"\"><em>2005.03.01<\/em><\/p>\n<\/td>\n<\/tr>\n<tr>\n<td style=\"width: 77.8125%;\">Continuen acumulant-se les sent\u00e8ncies a favor del catal\u00e0-valenci\u00e0 al Pa\u00eds Valenci\u00e0: la Generalitat no pot jugar amb els drets de les persones [<a href=\"http:\/\/www.einesdellengua.com\/Legis\/Arxius\/Requisit\/tsj158-2005.htm\" target=\"_blank\" rel=\"noopener noreferrer\">Arxiu<\/a>]<\/td>\n<td style=\"width: 22.0313%;\">\n<p class=\"\"><em>2005.02.11<\/em><\/p>\n<\/td>\n<\/tr>\n<tr>\n<td style=\"width: 77.8125%;\">El Bloc d&#8217;Orpesa plateja la inclusi\u00f3 del nivell ling\u00fc\u00edstic en l&#8217;RLT [<a href=\"http:\/\/www.einesdellengua.com\/Legis\/Arxius\/Requisit\/lev041210.htm\" target=\"_blank\" rel=\"noopener noreferrer\">Arxiu<\/a>]<\/td>\n<td style=\"width: 22.0313%;\">\n<p class=\"\"><em>2004.12.10<\/em><\/p>\n<\/td>\n<\/tr>\n<tr>\n<td style=\"width: 77.8125%;\">El catal\u00e0 arribar\u00e0 a les forces armades espanyoles [<a href=\"http:\/\/www.einesdellengua.com\/Legis\/Arxius\/Requisit\/av041130.htm\" target=\"_blank\" rel=\"noopener noreferrer\">Arxiu<\/a>]<\/td>\n<td style=\"width: 22.0313%;\">\n<p class=\"\"><em>2004.11.30<\/em><\/p>\n<\/td>\n<\/tr>\n<\/tbody>\n<\/table>\n<table border=\"0\" cellspacing=\"5\" cellpadding=\"2\">\n<tbody>\n<tr>\n<td>El catal\u00e0 arriba a Extremadura amb alguns problemes [<a href=\"http:\/\/www.avui.com\/avui\/diari\/04\/nov\/29\/210129.htm\"><em>Avui<\/em><\/a>] [<strong>Article jur\u00eddic<\/strong> sobre l&#8217;actuaci\u00f3 del Jutjat Social 2 de Badajoz]<\/td>\n<td>\n<p class=\"\"><em>2004.11.29<\/em><\/p>\n<\/td>\n<\/tr>\n<tr>\n<td>La Constituci\u00f3 europea valenciana en catal\u00e0 a Europa: quin esglai els han donat! [<a href=\"http:\/\/www.einesdellengua.com\/Legis\/Arxius\/Requisit\/av041030CE.htm\" target=\"_blank\" rel=\"noopener noreferrer\">Arxiu<\/a>]<\/td>\n<td>\n<p class=\"\"><em>2004.10.30<\/em><\/p>\n<\/td>\n<\/tr>\n<tr>\n<td>Un protocol assegura que es pugui usar el catal\u00e0 al registre civil [<a href=\"http:\/\/www.einesdellengua.com\/Legis\/Arxius\/Requisit\/av041023.htm\" target=\"_blank\" rel=\"noopener noreferrer\">Arxiu<\/a>]<\/td>\n<td>\n<p class=\"\"><em>2004.10.23<\/em><\/p>\n<\/td>\n<\/tr>\n<tr>\n<td>El catal\u00e0 a Europa, passant per Madrid i les EOI [<a href=\"http:\/\/www.einesdellengua.com\/Legis\/Arxius\/Requisit\/ep041015.htm\" target=\"_blank\" rel=\"noopener noreferrer\">Arxiu<\/a>]<\/td>\n<td>\n<p class=\"\"><em>2004.10.15-21<\/em><\/p>\n<\/td>\n<\/tr>\n<tr>\n<td>Sembla que volen comen\u00e7ar a aplicar el reglament d&#8217;usos ling\u00fc\u00edstics a Sagunt [<a href=\"http:\/\/www.einesdellengua.com\/Legis\/Arxius\/Requisit\/lev041018.htm\" target=\"_blank\" rel=\"noopener noreferrer\">Arxiu<\/a>]<\/td>\n<td>\n<p class=\"\"><em>2004.10.18<\/em><\/p>\n<\/td>\n<\/tr>\n<tr>\n<td>El TSJ considera que les bases d&#8217;Oliva no detallen prou per qu\u00e8 el valenci\u00e0 s&#8217;exigix en les oposicions a policia municipal: la pregunta \u00e9s, ho detallen gens per al castell\u00e0? [<a href=\"http:\/\/www.einesdellengua.com\/Legis\/Arxius\/Requisit\/lp041018.htm\" target=\"_blank\" rel=\"noopener noreferrer\">Arxiu<\/a>]<\/td>\n<td>\n<p class=\"\"><em>2004.10.18<\/em><\/p>\n<\/td>\n<\/tr>\n<tr>\n<td>Els registres es normalitzen a Catalunya [<a href=\"http:\/\/www.einesdellengua.com\/Legis\/Arxius\/Requisit\/vw041015.htm\" target=\"_blank\" rel=\"noopener noreferrer\">Arxiu<\/a>]<\/td>\n<td>\n<p class=\"\"><em>2004.10.15<\/em><\/p>\n<\/td>\n<\/tr>\n<tr>\n<td>El catal\u00e0 es podr\u00e0 utilitzar als registres estatals (civil, mercantil o de la propietat) abans que acabe l&#8217;any 2004, diuen [<a href=\"http:\/\/www.einesdellengua.com\/Legis\/Arxius\/Requisit\/vw041014.htm\" target=\"_blank\" rel=\"noopener noreferrer\">Arxiu<\/a>]<\/td>\n<td>\n<p class=\"\"><em>2004.10.14<\/em><\/p>\n<\/td>\n<\/tr>\n<tr>\n<td>L&#8217;Ajuntament de Benavarri avan\u00e7a en el reconeixement del catal\u00e0 [<a href=\"http:\/\/www.einesdellengua.com\/Legis\/Arxius\/Requisit\/vw041014arago.htm\" target=\"_blank\" rel=\"noopener noreferrer\">Arxiu<\/a>]<\/td>\n<td>\n<p class=\"\"><em>2004.10.14<\/em><\/p>\n<\/td>\n<\/tr>\n<tr>\n<td>El Bloc demana a l&#8217;FVMP que incloga el requisit ling\u00fc\u00edstic en les convocat\u00f2ries per a accedir a l&#8217;administraci\u00f3 p\u00fablica [<a href=\"http:\/\/www.einesdellengua.com\/Legis\/Arxius\/Requisit\/ep041011.htm\" target=\"_blank\" rel=\"noopener noreferrer\">Arxiu<\/a>]<\/td>\n<td>\n<p class=\"\"><em>2004.10.11<\/em><\/p>\n<\/td>\n<\/tr>\n<tr>\n<td>Adopcions, nom\u00e9s en espanyol: si li parles a una funcion\u00e0ria en catal\u00e0&#8230; tens un problema psicol\u00f2gic! [Dubte ret\u00f2ric: hi actuaran d&#8217;ofici el S\u00edndic de Greuges o l&#8217;AVL?] [<a href=\"http:\/\/www.einesdellengua.com\/Legis\/Arxius\/Requisit\/lev040811.htm\" target=\"_blank\" rel=\"noopener noreferrer\">Arxiu<\/a>]<\/td>\n<td>\n<p class=\"\"><em>2004.08.11<\/em><\/p>\n<\/td>\n<\/tr>\n<tr>\n<td>Els grups pol\u00edtics volen deixar resolt al comen\u00e7ament del per\u00edode 2004-2005 la gesti\u00f3 de l&#8217;\u00fas de les lleng\u00fces oficials a les Corts espanyoles [<a href=\"http:\/\/www.einesdellengua.com\/Legis\/Arxius\/Requisit\/av040811.htm\" target=\"_blank\" rel=\"noopener noreferrer\">Arxiu<\/a>]<\/td>\n<td>\n<p class=\"\"><em>2004.08.11<\/em><\/p>\n<\/td>\n<\/tr>\n<tr>\n<td>ERC presenta al Congr\u00e9s de Madrid proposicions no de llei perqu\u00e8 l&#8217;estat vaja <em>traduint-se<\/em> democr\u00e0ticament per a tots [<a href=\"http:\/\/www.einesdellengua.com\/Legis\/Arxius\/Requisit\/ep040803.htm\" target=\"_blank\" rel=\"noopener noreferrer\">Arxiu<\/a>]<\/td>\n<td>\n<p class=\"\"><em>2004.08.03<\/em><\/p>\n<\/td>\n<\/tr>\n<tr>\n<td>Pat\u00e8tic: els socialistes depenen d&#8217;Irlanda per a saber si reconeixen que Espanya \u00e9s un estat pluriling\u00fce. Artur Mas ho veu m\u00e9s clar [<a href=\"http:\/\/www.einesdellengua.com\/Legis\/Arxius\/Requisit\/ep040726.htm\" target=\"_blank\" rel=\"noopener noreferrer\">Arxiu<\/a>]<\/td>\n<td>\n<p class=\"\"><em>2004.07.26<\/em><\/p>\n<\/td>\n<\/tr>\n<tr>\n<td>El mallorqu\u00ed Antoni Mestre aconseguix que el seu greuge siga un benefici per a tots: \u00abLes delegacions de Govern de Catalunya i de Balears impulsaran l&#8217;\u00fas del catal\u00e0\u00bb [<a href=\"http:\/\/www.einesdellengua.com\/Legis\/Arxius\/Requisit\/db040724.htm\" target=\"_blank\" rel=\"noopener noreferrer\">Arxiu<\/a>]<\/td>\n<td>\n<p class=\"\"><em>2004.07.24<\/em><\/p>\n<\/td>\n<\/tr>\n<tr>\n<td>Els notaris i els registradors de la propietat encara ignoraven la legalitat ling\u00fc\u00edstica: un conveni tracta de solucionar-ho [<a href=\"http:\/\/www.einesdellengua.com\/Legis\/Arxius\/Requisit\/ep040723.htm\" target=\"_blank\" rel=\"noopener noreferrer\">Arxiu<\/a>]<\/td>\n<td>\n<p class=\"\"><em>2004.07.23<\/em><\/p>\n<\/td>\n<\/tr>\n<tr>\n<td>El president del Senat espanyol, Javier Rojo, anuncia que hi implantar\u00e0 l&#8217;\u00fas de les lleng\u00fces oficials [<a href=\"http:\/\/www.einesdellengua.com\/Legis\/Arxius\/Requisit\/ep040721.htm\" target=\"_blank\" rel=\"noopener noreferrer\">Arxiu<\/a>]<\/td>\n<td>\n<p class=\"\"><em>2004.07.21<\/em><\/p>\n<\/td>\n<\/tr>\n<tr>\n<td>El Govern d&#8217;Irlanda, despr\u00e9s d&#8217;haver negat durant la seua presid\u00e8ncia l&#8217;estatus de l&#8217;irland\u00e9s al catal\u00e0, gallec i basc, demana ara l&#8217;oficialitat total de l&#8217;irland\u00e9s en la UE [<a href=\"http:\/\/www.einesdellengua.com\/Legis\/Arxius\/Requisit\/indep040720.htm\" target=\"_blank\" rel=\"noopener noreferrer\">Arxiu<\/a>]<\/td>\n<td>\n<p class=\"\"><em>2004.07.20<\/em><\/p>\n<\/td>\n<\/tr>\n<tr>\n<td>Escola Valenciana inicia dem\u00e0 una campanya per a reclamar l&#8217;aprovaci\u00f3 del requisit ling\u00fc\u00edstic en la funci\u00f3 p\u00fablica [<a href=\"http:\/\/www.einesdellengua.com\/Legis\/Arxius\/Requisit\/yh040719.htm\" target=\"_blank\" rel=\"noopener noreferrer\">Arxiu<\/a>]<\/td>\n<td>\n<p class=\"\"><em>2004.07.19<\/em><\/p>\n<\/td>\n<\/tr>\n<tr>\n<td>Francisco Camps Ortiz, el molt honorable biling\u00fce, declara: \u00abser biling\u00fce no est\u00e0 malament\u00bb. Uf, quin descans: ens perdona la vida! [<a href=\"http:\/\/www.einesdellengua.com\/Legis\/Arxius\/Requisit\/ep040719.htm\" target=\"_blank\" rel=\"noopener noreferrer\">Arxiu<\/a>]<\/td>\n<td>\n<p class=\"\"><em>2004.07.19<\/em><\/p>\n<\/td>\n<\/tr>\n<tr>\n<td>EL Tribunal Superior de Just\u00edcia del Pa\u00eds Valenci\u00e0 ordena l&#8217;admissi\u00f3 de la titulaci\u00f3 de Filologia Catalana en les oposicions de Secund\u00e0ria [<a href=\"http:\/\/www.einesdellengua.com\/Legis\/Arxius\/Requisit\/np040709.htm\" target=\"_blank\" rel=\"noopener noreferrer\">Arxiu<\/a>]<\/td>\n<td>\n<p class=\"\"><em>2004.07.09<\/em><\/p>\n<\/td>\n<\/tr>\n<tr>\n<td>El CGPJ tan estramb\u00f2tic i a la deriva com \u00e9s habitual: lleva la sanci\u00f3 a un jutge que menyst\u00e9 el catal\u00e0 [<a href=\"http:\/\/www.einesdellengua.com\/Legis\/Arxius\/Requisit\/nj040708.htm\" target=\"_blank\" rel=\"noopener noreferrer\">Arxiu<\/a>]<\/td>\n<td>\n<p class=\"\"><em>2004.07.08<\/em><\/p>\n<\/td>\n<\/tr>\n<tr>\n<td>Els t\u00e8cnics ling\u00fc\u00edstics denuncien la situaci\u00f3 d&#8217;aband\u00f3 laboral en qu\u00e8 es troben [<a href=\"http:\/\/www.einesdellengua.com\/Legis\/Arxius\/AVL\/lev040526.htm\" target=\"_blank\" rel=\"noopener noreferrer\">Arxiu<\/a>]<\/td>\n<td>\n<p class=\"\"><em>2004.05.26<\/em><\/p>\n<\/td>\n<\/tr>\n<tr>\n<td>A l&#8217;Ajuntament d&#8217;Orba han adm\u00e9s un funcionari sense capacitaci\u00f3 ling\u00fc\u00edstica: estem segurs que, si ent\u00e9n de dret, sabr\u00e0 qu\u00e8 ha de fer [<a href=\"http:\/\/www.einesdellengua.com\/Legis\/Arxius\/Requisit\/lev040504.htm\" target=\"_blank\" rel=\"noopener noreferrer\">Arxiu<\/a>]<\/td>\n<td>\n<p class=\"\"><em>2004.05.04<\/em><\/p>\n<\/td>\n<\/tr>\n<tr>\n<td>A la comissaria de Sapadors hi alguna funcion\u00e0ria que encara no se n&#8217;ha assabentat de la Llei 4\/1983 i de la Constituci\u00f3 (vegeu, en canvi, <a href=\"http:\/\/www.geocities.com\/asensi.geo\/Legis\/Arxius\/DNIval.htm\">Russafa<\/a> l&#8217;any 2001) [<a href=\"http:\/\/www.einesdellengua.com\/Legis\/Arxius\/Requisit\/lev040412.htm\" target=\"_blank\" rel=\"noopener noreferrer\">Arxiu<\/a>]<\/td>\n<td>\n<p class=\"\"><em>2004.04.12<\/em><\/p>\n<\/td>\n<\/tr>\n<tr>\n<td>EL TSJ del Pa\u00eds Valenci\u00e0 torna a aplicar la STC 75\/1997, que declara jur\u00eddicament v\u00e0lides les denominacions sin\u00f2nimes de la llengua <em>catal\u00e0<\/em> i <em>valenci\u00e0<\/em> [<a href=\"http:\/\/www.einesdellengua.com\/Legis\/Arxius\/Requisit\/ep040407.htm\" target=\"_blank\" rel=\"noopener noreferrer\">Arxiu<\/a>]<\/td>\n<td>\n<p class=\"\"><em>2004.04.07<\/em><\/p>\n<\/td>\n<\/tr>\n<tr>\n<td>EL TSJ del Pa\u00eds Valenci\u00e0 aplica la STC 75\/1997, que declara jur\u00eddicament v\u00e0lides les denominacions sin\u00f2nimes de la llengua <em>catal\u00e0<\/em> i <em>valenci\u00e0<\/em> [<a href=\"http:\/\/www.einesdellengua.com\/Legis\/Arxius\/Requisit\/040323.htm\" target=\"_blank\" rel=\"noopener noreferrer\">Arxiu<\/a>]<\/td>\n<td>\n<p class=\"\"><em>2004.03.23<\/em><\/p>\n<\/td>\n<\/tr>\n<tr>\n<td><a name=\"beniganim\"><\/a>El TSJ aplica per fi el Decret 8\/1995 (sent\u00e8ncies <u><a title=\"feu-hi clic\">381\/2004<\/a><\/u> i <u><a title=\"feu-hi clic\">1476\/2004<\/a><\/u>): requisit ling\u00fc\u00edstic per als funcionaris d&#8217;administraci\u00f3 local amb habilitaci\u00f3 nacional [<a href=\"http:\/\/www.einesdellengua.com\/Legis\/Arxius\/jurisp\/tsjcv.htm\" target=\"_blank\" rel=\"noopener noreferrer\">Arxiu<\/a>]<\/td>\n<td>\n<p class=\"\"><em>2005.03 &#8211; 2005.10<\/em><\/p>\n<\/td>\n<\/tr>\n<tr>\n<td>L&#8217;ONU estudia les discriminacions ling\u00fc\u00edstiques en Espanya [<a href=\"http:\/\/www.einesdellengua.com\/Legis\/Arxius\/Requisit\/av040226.htm\" target=\"_blank\" rel=\"noopener noreferrer\">Arxiu<\/a>]<\/td>\n<td>\n<p class=\"\"><em>2004.02.26<\/em><\/p>\n<\/td>\n<\/tr>\n<tr>\n<td>CIU, PSOE i EU d&#8217;acord amb la cooficialitat estatal de les lleng\u00fces [<a href=\"http:\/\/www.einesdellengua.com\/Legis\/Arxius\/Requisit\/lp040225.htm\" target=\"_blank\" rel=\"noopener noreferrer\">Arxiu<\/a>]<\/td>\n<td>\n<p class=\"\"><em>2004.02.25<\/em><\/p>\n<\/td>\n<\/tr>\n<tr>\n<td>Els advocats demanen m\u00e9s \u00fas del valenci\u00e0 [<a href=\"http:\/\/www.einesdellengua.com\/Legis\/Arxius\/Requisit\/lev040225.htm\" target=\"_blank\" rel=\"noopener noreferrer\">Arxiu<\/a>]<\/td>\n<td>\n<p class=\"\"><em>2004.02.25<\/em><\/p>\n<\/td>\n<\/tr>\n<tr>\n<td>El requisit \u00e9s v\u00e0lid i funciona en la UJI [<a href=\"http:\/\/www.einesdellengua.com\/Legis\/Arxius\/Requisit\/lev031120.htm\" target=\"_blank\" rel=\"noopener noreferrer\">Arxiu<\/a>]<\/td>\n<td>\n<p class=\"\"><em>2003.11.20<\/em><\/p>\n<\/td>\n<\/tr>\n<tr>\n<td>El Consell aprova un dec\u00e0leg d&#8217;obvietats [<a href=\"http:\/\/www.einesdellengua.com\/Legis\/Arxius\/Requisit\/inf031002.htm\" target=\"_blank\" rel=\"noopener noreferrer\">Arxiu<\/a>]<\/td>\n<td>\n<p class=\"\"><em>2003.10.02<\/em><\/p>\n<\/td>\n<\/tr>\n<tr>\n<td>L&#8217;AVL def\u00e9n l&#8217;extensi\u00f3 del requisit ling\u00fc\u00edstic a tota la funci\u00f3 p\u00fablica [<a href=\"http:\/\/www.einesdellengua.com\/Legis\/Arxius\/AVL\/lev030722.htm\" target=\"_blank\" rel=\"noopener noreferrer\">Arxiu<\/a>]<\/td>\n<td>\n<p class=\"\"><em>2003.07.22<\/em><\/p>\n<\/td>\n<\/tr>\n<tr>\n<td valign=\"top\" width=\"79%\">L&#8217;AVL i l&#8217;IEC estableixen canals de col\u00b7laboraci\u00f3 [<a href=\"http:\/\/www.einesdellengua.com\/Legis\/lev030718.htm\" target=\"_blank\" rel=\"noopener noreferrer\">Arxiu<\/a>]<\/td>\n<td valign=\"top\" width=\"21%\"><em>2003.07.18<\/em><\/td>\n<\/tr>\n<tr>\n<td>El TSJC obliga una not\u00e0ria a fer en catal\u00e0 una minuta [<a href=\"http:\/\/www.einesdellengua.com\/Legis\/Arxius\/Requisit\/elp030629.htm\" target=\"_blank\" rel=\"noopener noreferrer\">Arxiu<\/a>]<\/td>\n<td>\n<p class=\"\"><em>2003.06.29<\/em><\/p>\n<\/td>\n<\/tr>\n<tr>\n<td>L&#8217;AVL defuig les seues responsabilitats [<a href=\"http:\/\/www.einesdellengua.com\/Legis\/Arxius\/AVL\/lev030513.htm\" target=\"_blank\" rel=\"noopener noreferrer\">Arxiu<\/a>]<\/td>\n<td>\n<p class=\"\"><em>2003.05.13<\/em><\/p>\n<\/td>\n<\/tr>\n<tr>\n<td>Universitats, associacions i partits pol\u00edtics rebutgen la negativa d&#8217;Educaci\u00f3 d&#8217;excloure la Filologia Catalana [<a href=\"http:\/\/www.einesdellengua.com\/Legis\/Arxius\/Requisit\/lev030509.htm\" target=\"_blank\" rel=\"noopener noreferrer\">Arxiu<\/a>]<\/td>\n<td>\n<p class=\"\"><em>2003.05.09<\/em><\/p>\n<\/td>\n<\/tr>\n<tr>\n<td>Requisit ling\u00fc\u00edstic en l&#8217;ensenyament: les oposicions de secund\u00e0ria inclouen les condicions exempcions de la prova de valenci\u00e0 i castell\u00e0 [<a href=\"http:\/\/optico.pre.gva.es\/L\/BASIS\/V\/DDW?W=D=%272088\/2003%27\">CIDAJ<\/a>]<\/td>\n<td>\n<p class=\"\"><em>2003.05.02<\/em><\/p>\n<\/td>\n<\/tr>\n<tr>\n<td>La Conselleria nom\u00e9s autoritzar\u00e0 la l\u00ednia \u00fanica en valenci\u00e0 si la demanen totes les fam\u00edlies [<a href=\"http:\/\/www.einesdellengua.com\/Legis\/Arxius\/Requisit\/lev030327.htm\" target=\"_blank\" rel=\"noopener noreferrer\">Arxiu<\/a>]<\/td>\n<td>\n<p class=\"\"><em>2003.03.27<\/em><\/p>\n<\/td>\n<\/tr>\n<tr>\n<td>El PP exigix el requisit ling\u00fc\u00edstic per a treballar a l&#8217;Ajuntament de Torrent [<a href=\"http:\/\/www.einesdellengua.com\/Legis\/Arxius\/Requisit\/lev030311.htm\" target=\"_blank\" rel=\"noopener noreferrer\">Arxiu<\/a>]<\/td>\n<td>\n<p class=\"\"><em>2003.03.11<\/em><\/p>\n<\/td>\n<\/tr>\n<tr>\n<td>Torrent suprimix el requisit ling\u00fc\u00edstic: pals a les rodes des de dins&#8230; [<a href=\"http:\/\/www.einesdellengua.com\/Legis\/Arxius\/Requisit\/lev030308.htm\" target=\"_blank\" rel=\"noopener noreferrer\">Arxiu<\/a>]<\/td>\n<td>\n<p class=\"\"><em>2003.03.08<\/em><\/p>\n<\/td>\n<\/tr>\n<tr>\n<td>El Consell assigna les subvencions segons el pes pol\u00edtic dels ajuntaments [<a href=\"http:\/\/www.einesdellengua.com\/Legis\/Arxius\/Requisit\/ep030220.jpg\">Arxiu<\/a>]<\/td>\n<td>\n<p class=\"\"><em>2003.02.20<\/em><\/p>\n<\/td>\n<\/tr>\n<tr>\n<td>Tots els partits pol\u00edtics de Gandia, llevat del PP, respecten la decisi\u00f3 dels consells escolars [<a href=\"http:\/\/www.einesdellengua.com\/Legis\/Arxius\/Requisit\/lev030219.htm#20\">Arxiu<\/a>]<\/td>\n<td>\n<p class=\"\"><em>2003.02.20<\/em><\/p>\n<\/td>\n<\/tr>\n<tr>\n<td>L&#8217;ensenyament p\u00fablic nom\u00e9s en valenci\u00e0 s&#8217;impartix normalment en 63 localitats [<a href=\"http:\/\/www.einesdellengua.com\/Legis\/Arxius\/Requisit\/lev030220.htm\" target=\"_blank\" rel=\"noopener noreferrer\">Arxiu<\/a>]<\/td>\n<td>\n<p class=\"\"><em>2003.02.20<\/em><\/p>\n<\/td>\n<\/tr>\n<tr>\n<td>Els col\u00b7leges p\u00fablics de Gandia demanen nom\u00e9s l\u00ednies en valenci\u00e0 per a evitar guetos d&#8217;immigrants [<a href=\"http:\/\/www.einesdellengua.com\/Legis\/Arxius\/Requisit\/lev030219.htm\" target=\"_blank\" rel=\"noopener noreferrer\">Arxiu<\/a>]<\/td>\n<td>\n<p class=\"\"><em>2003.02.19<\/em><\/p>\n<\/td>\n<\/tr>\n<tr>\n<td>El TSJ valenci\u00e0 anul\u00b7la l&#8217;acord d&#8217;Ontinyent que fixa el valenci\u00e0 com a requisit [<a href=\"http:\/\/www.einesdellengua.com\/Legis\/Arxius\/Requisit\/lev030214.htm\" target=\"_blank\" rel=\"noopener noreferrer\">Arxiu<\/a>]<\/td>\n<td>\n<p class=\"\"><em>2003.02.14\/2003.02.15<\/em><\/p>\n<\/td>\n<\/tr>\n<tr>\n<td>Iniciativa de PSPV, EU, Bloc, Esquerra Verda, ERPV, de l&#8217;IIFV i Confederaci\u00f3 Gon\u00e7al Anaya, Escola Valenciana, Mesa per l&#8217;Ensenyament en Valenci\u00e0 i els sindicats STEPV, CC OO i UGT [<a href=\"http:\/\/www.einesdellengua.com\/Legis\/Arxius\/Requisit\/lev021121.htm\" target=\"_blank\" rel=\"noopener noreferrer\">Arxiu<\/a>]<\/td>\n<td>\n<p class=\"\"><em>2002.11.21<\/em><\/p>\n<\/td>\n<\/tr>\n<tr>\n<td>Protesta dels fil\u00f2legs en les proves de la Junta Qualificadora [<a href=\"http:\/\/www.einesdellengua.com\/Legis\/Arxius\/Requisit\/lev021117.htm\" target=\"_blank\" rel=\"noopener noreferrer\">Arxiu<\/a>]<\/td>\n<td>\n<p class=\"\"><em>2002.11.17<\/em><\/p>\n<\/td>\n<\/tr>\n<tr>\n<td>Manifest dels fil\u00f2legs que aniran a fer d&#8217;examinadors a les proves de la JQCV [<a href=\"http:\/\/www.einesdellengua.com\/Legis\/Arxius\/Requisit\/jqcv021116.htm\" target=\"_blank\" rel=\"noopener noreferrer\">Arxiu<\/a>]<\/td>\n<td>\n<p class=\"\"><em>2002.11.15<\/em><\/p>\n<\/td>\n<\/tr>\n<tr>\n<td>El Consell Valenci\u00e0 de Cultura reclama el compliment del pacte ling\u00fc\u00edstic i l&#8217;aplicaci\u00f3 del requisit [<a href=\"http:\/\/www.einesdellengua.com\/Legis\/Arxius\/Requisit\/ep021113.htm\" target=\"_blank\" rel=\"noopener noreferrer\">Arxiu<\/a>]<\/td>\n<td>\n<p class=\"\"><em>2002.11.13<\/em><\/p>\n<\/td>\n<\/tr>\n<tr>\n<td>La secret\u00e0ria d&#8217;educaci\u00f3 del PSPV de Castell\u00f3 reclama el requisit ling\u00fc\u00edstic [<a href=\"http:\/\/www.einesdellengua.com\/Legis\/Arxius\/Requisit\/lev021011.htm\" target=\"_blank\" rel=\"noopener noreferrer\">Arxiu<\/a>]<\/td>\n<td>\n<p class=\"\"><em>2002.10.11<\/em><\/p>\n<\/td>\n<\/tr>\n<tr>\n<td>La FEV denuncia la poca capacitaci\u00f3 en valenci\u00e0 mentres no s&#8217;implante el requisit ling\u00fc\u00edstic [<a href=\"http:\/\/www.einesdellengua.com\/Legis\/Arxius\/Requisit\/ep021005.htm\" target=\"_blank\" rel=\"noopener noreferrer\">Arxiu<\/a>]<\/td>\n<td>\n<p class=\"\"><em>2002.10.05<\/em><\/p>\n<\/td>\n<\/tr>\n<tr>\n<td>CiU, PNB i BNG forcen el PP a aplicar el biling\u00fcisme a l&#8217;administraci\u00f3 [<a href=\"http:\/\/www.einesdellengua.com\/Legis\/Arxius\/Requisit\/Av020925.htm\" target=\"_blank\" rel=\"noopener noreferrer\">Arxiu<\/a>]<\/td>\n<td>\n<p class=\"\"><em>2002.09.25<\/em><\/p>\n<\/td>\n<\/tr>\n<tr>\n<td>L\u2019Institut Joan Llu\u00eds Vives d\u00f3na suport a les accions legals dels rectors en defensa del t\u00edtol de Filologia Catalana [<a href=\"http:\/\/www.einesdellengua.com\/Legis\/Arxius\/Requisit\/EP020910.htm\" target=\"_blank\" rel=\"noopener noreferrer\">Arxiu<\/a>]<\/td>\n<td>\n<p class=\"\"><em>2002.09.10<\/em><\/p>\n<\/td>\n<\/tr>\n<tr>\n<td>La Universitat i l\u2019STEPV recorreran contra l\u2019exclusi\u00f3 de la Filologia Catalana en centres privats [<a href=\"http:\/\/www.einesdellengua.com\/Legis\/Arxius\/Requisit\/EP020906.htm\" target=\"_blank\" rel=\"noopener noreferrer\">Arxiu<\/a>]<\/td>\n<td>\n<p class=\"\"><em>2002.09.06<\/em><\/p>\n<\/td>\n<\/tr>\n<tr>\n<td>Escola Valenciana reclama que els funcionaris p\u00fablics s\u00e0pien valenci\u00e0 [<a href=\"http:\/\/www.einesdellengua.com\/Legis\/Arxius\/Requisit\/EP020901.htm\" target=\"_blank\" rel=\"noopener noreferrer\">Arxiu<\/a>]<\/td>\n<td>\n<p class=\"\"><em>2002.09.01<\/em><\/p>\n<\/td>\n<\/tr>\n<tr>\n<td>La Federaci\u00f3 de Pares reclama a la Conselleria d\u2019Educaci\u00f3 l\u2019exig\u00e8ncia del requisit ling\u00fc\u00edstic [<a href=\"http:\/\/www.einesdellengua.com\/Legis\/Arxius\/Requisit\/Lev020830.htm\" target=\"_blank\" rel=\"noopener noreferrer\">Arxiu<\/a>]<\/td>\n<td>\n<p class=\"\"><em>2002.08.30<\/em><\/p>\n<\/td>\n<\/tr>\n<tr>\n<td>Recorren contra el requisit ling\u00fc\u00edstic perqu\u00e8 el consideren massa agosarat [<a href=\"http:\/\/www.einesdellengua.com\/Legis\/Arxius\/Requisit\/Lev020725.htm\" target=\"_blank\" rel=\"noopener noreferrer\">Arxiu<\/a>]<\/td>\n<td>\n<p class=\"\"><em>2002.07.25<\/em><\/p>\n<\/td>\n<\/tr>\n<tr>\n<td>Nova fase de la campanya d\u2019Escola Valenciana pel requisit i protesta en l\u2019adjudicaci\u00f3 de places de professorat [<a href=\"http:\/\/www.einesdellengua.com\/Legis\/Arxius\/Requisit\/Vw020723.htm\" target=\"_blank\" rel=\"noopener noreferrer\">Arxiu<\/a>]<\/td>\n<td>\n<p class=\"\"><em>2002.07.23<\/em><\/p>\n<\/td>\n<\/tr>\n<tr>\n<td>Com que les proves ja s\u2019han fet, el TSJ es veu obligat a desestimar la suspensi\u00f3 cautelar del requisit respecte dels llicenciats en Filologia Catalana [<a href=\"http:\/\/www.einesdellengua.com\/Legis\/Arxius\/Requisit\/EP020720.htm\" target=\"_blank\" rel=\"noopener noreferrer\">Arxiu<\/a>]<\/td>\n<td>\n<p class=\"\"><em>2002.07.20<\/em><\/p>\n<\/td>\n<\/tr>\n<tr>\n<td>EL TSJ obliga la Conselleria d\u2019Educaci\u00f3 a admetre de manera cautelar els llicenciats en Filologia Catalana [<a href=\"http:\/\/www.einesdellengua.com\/Legis\/Arxius\/Requisit\/Lev020712.htm\" target=\"_blank\" rel=\"noopener noreferrer\">Arxiu<\/a>]<\/td>\n<td>\n<p class=\"\"><em>2002.07.12<\/em><\/p>\n<\/td>\n<\/tr>\n<tr>\n<td>\u00abNo amb impunitat\u00bb, article d\u2019<a href=\"http:\/\/www.einesdellengua.com\/Legis\/Arxius\/Requisit\/Lev020628.htm\" target=\"_blank\" rel=\"noopener noreferrer\">Arxiu<\/a>]<\/td>\n<td>\n<p class=\"\"><em>2002.06.28<\/em><\/p>\n<\/td>\n<\/tr>\n<tr>\n<td>L\u2019STEPV recorre contra el decret del requisit ling\u00fc\u00edstic [<a href=\"http:\/\/www.einesdellengua.com\/Legis\/Arxius\/Requisit\/EP020628.htm\" target=\"_blank\" rel=\"noopener noreferrer\">Arxiu<\/a>]<\/td>\n<td>\n<p class=\"\"><em>2002.06.28<\/em><\/p>\n<\/td>\n<\/tr>\n<tr>\n<td>La Conselleria d\u2019Educaci\u00f3 diu ara que els llicenciats en catal\u00e0 podien convalidar [<a href=\"http:\/\/www.einesdellengua.com\/Legis\/Arxius\/Requisit\/EP020627.htm\" target=\"_blank\" rel=\"noopener noreferrer\">Arxiu<\/a>]<\/td>\n<td>\n<p class=\"\"><em>2002.06.27<\/em><\/p>\n<\/td>\n<\/tr>\n<tr>\n<td>La Universitat de Val\u00e8ncia recorre contra el decret del requisit ling\u00fc\u00edstic [<a href=\"http:\/\/www.einesdellengua.com\/Legis\/Arxius\/Requisit\/Vw020625.htm\" target=\"_blank\" rel=\"noopener noreferrer\">Arxiu<\/a>]<\/td>\n<td>\n<p class=\"\"><em>2002.06.25<\/em><\/p>\n<\/td>\n<\/tr>\n<tr>\n<td>Onze titulats en Filologia Catalana no seran admesos a opositar hui [<a href=\"http:\/\/www.einesdellengua.com\/Legis\/Arxius\/Requisit\/EP020625.htm\" target=\"_blank\" rel=\"noopener noreferrer\">Arxiu<\/a>]<\/td>\n<td>\n<p class=\"\"><em>2002.06.25<\/em><\/p>\n<\/td>\n<\/tr>\n<tr>\n<td>Desenes de persones exigixen a Val\u00e8ncia el requisit ling\u00fc\u00edstic [<a href=\"http:\/\/www.einesdellengua.com\/Legis\/Arxius\/Requisit\/EP020623.htm\" target=\"_blank\" rel=\"noopener noreferrer\">Arxiu<\/a>]<\/td>\n<td>\n<p class=\"\"><em>2002.06.23<\/em><\/p>\n<\/td>\n<\/tr>\n<tr>\n<td>El CSI-CSIF ha interposat un recurs contra el decret del requisit [<a href=\"http:\/\/www.einesdellengua.com\/Legis\/Arxius\/Requisit\/EP020622.htm\" target=\"_blank\" rel=\"noopener noreferrer\">Arxiu<\/a>]<\/td>\n<td>\n<p class=\"\"><em>2002.06.22<\/em><\/p>\n<\/td>\n<\/tr>\n<tr>\n<td>Tots els professors de les Balears hauran d&#8217;acreditar el coneixement del catal\u00e0 [<a href=\"http:\/\/www.einesdellengua.com\/Legis\/Arxius\/Requisit\/EI020621.htm\" target=\"_blank\" rel=\"noopener noreferrer\">Arxiu<\/a>]<\/td>\n<td>\n<p class=\"\"><em>2002.06.21<\/em><\/p>\n<\/td>\n<\/tr>\n<tr>\n<td><span lang=\"CA\">Una vintena de llicenciats en filologia catalana han d&#8217;examinar-se hui de valenci\u00e0 per a opositar<\/span> <a href=\"http:\/\/www.einesdellengua.com\/Legis\/Arxius\/Requisit\/EP020619.htm\" target=\"_blank\" rel=\"noopener noreferrer\">[Arxiu<\/a>]<\/td>\n<td>\n<p class=\"\"><em>2002.06.19<\/em><\/p>\n<\/td>\n<\/tr>\n<tr>\n<td>Escola Valenciana repr\u00e9n la campanya pel requisit [<a href=\"http:\/\/www.einesdellengua.com\/Legis\/Arxius\/Requisit\/Lev020618.htm\" target=\"_blank\" rel=\"noopener noreferrer\">Arxiu<\/a>]<\/td>\n<td>\n<p class=\"\"><em>2002.06.18<\/em><\/p>\n<\/td>\n<\/tr>\n<tr>\n<td>El Govern de Catalunya aprova el decret de coneixement de catal\u00e0 del personal de totes les administracions p\u00fabliques catalanes [<a href=\"http:\/\/www.einesdellengua.com\/Legis\/Arxius\/Requisit\/IZ020611.htm\" target=\"_blank\" rel=\"noopener noreferrer\">Arxiu<\/a>]<\/td>\n<td>\n<p class=\"\"><em>2002.06.11<\/em><\/p>\n<\/td>\n<\/tr>\n<tr>\n<td>El Consell impedix l\u2019admissi\u00f3 dels titulats en Filologia Catalana [<a href=\"http:\/\/www.einesdellengua.com\/Legis\/Arxius\/Requisit\/EP020606.htm\" target=\"_blank\" rel=\"noopener noreferrer\">Arxiu<\/a>]<\/td>\n<td>\n<p class=\"\"><em>2002.06.06<\/em><\/p>\n<\/td>\n<\/tr>\n<tr>\n<td>Educaci\u00f3 admet els opositors llicenciats en Filologia Catalana en l\u2019exempci\u00f3 de la prova de valenci\u00e0 [<a href=\"http:\/\/www.einesdellengua.com\/Legis\/Arxius\/Requisit\/Lev020605.htm\" target=\"_blank\" rel=\"noopener noreferrer\">Arxiu<\/a>]<\/td>\n<td>\n<p class=\"\"><em>2002.06.05<\/em><\/p>\n<\/td>\n<\/tr>\n<tr>\n<td>Les abs\u00e8ncies impedixen que l\u2019AVL incloga Filologia Catalana en el requisit ling\u00fc\u00edstic [<a href=\"http:\/\/www.einesdellengua.com\/Legis\/Arxius\/AVL\/EPLev020528.htm\" target=\"_blank\" rel=\"noopener noreferrer\">Arxiu<\/a>]<\/td>\n<td>\n<p class=\"\"><em>2002.05.28<\/em><\/p>\n<\/td>\n<\/tr>\n<tr>\n<td>L\u2019alcaldessa de Requena crida contra els socialistes i el requisit [<a href=\"http:\/\/www.einesdellengua.com\/Legis\/Arxius\/Requisit\/EP020525.htm\" target=\"_blank\" rel=\"noopener noreferrer\">Arxiu<\/a>]<\/td>\n<td>\n<p class=\"\"><em>2002.05.25<\/em><\/p>\n<\/td>\n<\/tr>\n<tr>\n<td>El PP se\u2019n desdiu de la crida demag\u00f2gica, classes al carrer i l\u2019AVL votar\u00e0 per la Filologia Catalana [<a href=\"http:\/\/www.einesdellengua.com\/Legis\/Arxius\/Requisit\/EP020524.htm\" target=\"_blank\" rel=\"noopener noreferrer\">Arxiu<\/a>]<\/td>\n<td>\n<p class=\"\"><em>2002.05.24<\/em><\/p>\n<\/td>\n<\/tr>\n<tr>\n<td>Zaplana oblida l\u2019acord amb els sindicats; una ordre oblida Filologia Catalana i el PP contin\u00faa amb la demagogia sobre els castellans [<a href=\"http:\/\/www.einesdellengua.com\/Legis\/Arxius\/Requisit\/Lev020523.htm\" target=\"_blank\" rel=\"noopener noreferrer\">Arxiu<\/a>]<\/td>\n<td>\n<p class=\"\"><em>2002.05.23<\/em><\/p>\n<\/td>\n<\/tr>\n<tr>\n<td>La Universitat de Val\u00e8ncia plantejar\u00e0 un recurs contra la convocat\u00f2ria d\u2019oposicions [<a href=\"http:\/\/www.einesdellengua.com\/Legis\/Arxius\/Requisit\/Lev020522.htm\" target=\"_blank\" rel=\"noopener noreferrer\">Arxiu<\/a>]<\/td>\n<td>\n<p class=\"\"><em>2002.05.22<\/em><\/p>\n<\/td>\n<\/tr>\n<tr>\n<td>Alguns alcaldes del PP fan demag\u00f2gia a costa dels castellans [<a href=\"http:\/\/www.einesdellengua.com\/Legis\/Arxius\/Requisit\/EP020522.htm\" target=\"_blank\" rel=\"noopener noreferrer\">Arxiu<\/a>]<\/td>\n<td>\n<p class=\"\"><em>2002.05.22<\/em><\/p>\n<\/td>\n<\/tr>\n<tr>\n<td>La Universitat d\u2019Alacant disposada a acudir als tribunals perqu\u00e8 l\u2019administraci\u00f3 reconega la titulaci\u00f3 de Fiologia Catalana [<a href=\"http:\/\/www.einesdellengua.com\/Legis\/Arxius\/Requisit\/EP020521.htm\" target=\"_blank\" rel=\"noopener noreferrer\">Arxiu<\/a>]<\/td>\n<td>\n<p class=\"\"><em>2002.05.21<\/em><\/p>\n<\/td>\n<\/tr>\n<tr>\n<td>L\u2019STEPV interposar\u00e0 un recurs contra el decret del requisit ling\u00fc\u00edstic [<a href=\"http:\/\/www.einesdellengua.com\/Legis\/Arxius\/Requisit\/EP020516.htm\" target=\"_blank\" rel=\"noopener noreferrer\">Arxiu<\/a>]<\/td>\n<td>\n<p class=\"\"><em>2002.05.16<\/em><\/p>\n<\/td>\n<\/tr>\n<tr>\n<td>La Universitat titla de desprop\u00f2sit la no-consideraci\u00f3 de la Filologia Catalana en el requisit ling\u00fc\u00edstic [<a href=\"http:\/\/www.einesdellengua.com\/Legis\/Arxius\/Requisit\/EP020511.htm\" target=\"_blank\" rel=\"noopener noreferrer\">Arxiu<\/a>]<\/td>\n<td>\n<p class=\"\"><em>2002.05.11<\/em><\/p>\n<\/td>\n<\/tr>\n<tr>\n<td>L\u2019AVL es pronunciar\u00e0 sobre el requisit ling\u00fc\u00edstic i sobre la llista de 192 paraules tramesa pel Consell [<a href=\"http:\/\/www.einesdellengua.com\/Legis\/Arxius\/Requisit\/LP020507.htm\" target=\"_blank\" rel=\"noopener noreferrer\">Arxiu<\/a>]<\/td>\n<td>\n<p class=\"\"><em>2002.05.07<\/em><\/p>\n<\/td>\n<\/tr>\n<tr>\n<td>El Consell retira el requisit ling\u00fc\u00edstic dels concursos i entra en contradicci\u00f3 [<a href=\"http:\/\/www.einesdellengua.com\/Legis\/Arxius\/Requisit\/EP020504.htm\" target=\"_blank\" rel=\"noopener noreferrer\">Arxiu<\/a>]<\/td>\n<td>\n<p class=\"\"><em>2002.05.04<\/em><\/p>\n<\/td>\n<\/tr>\n<tr>\n<td>El Consell aprova un requisit ling\u00fc\u00edstic falsejat [<a href=\"http:\/\/www.einesdellengua.com\/Legis\/Arxius\/Requisit\/EP020503.htm\" target=\"_blank\" rel=\"noopener noreferrer\">Arxiu<\/a>]<\/td>\n<td>\n<p class=\"\"><em>2002.05.03<\/em><\/p>\n<\/td>\n<\/tr>\n<tr>\n<td>L&#8217;IIFV acusa el Consell de vulnerar la legalitat [<a href=\"http:\/\/www.einesdellengua.com\/Legis\/Arxius\/Requisit\/EP020501.htm\" target=\"_blank\" rel=\"noopener noreferrer\">Arxiu<\/a>]<\/td>\n<td>\n<p class=\"\"><em>2002.05.01<\/em><\/p>\n<\/td>\n<\/tr>\n<tr>\n<td>El PSPV vol analitzar el requisit ling\u00fc\u00edstic en el context del Pacte pel Valenci\u00e0 [<a href=\"http:\/\/www.einesdellengua.com\/Legis\/Arxius\/Requisit\/EP020430.htm\" target=\"_blank\" rel=\"noopener noreferrer\">Arxiu<\/a>]<\/td>\n<td>\n<p class=\"\"><em>2002.04.30<\/em><\/p>\n<\/td>\n<\/tr>\n<tr>\n<td>El t\u00edtol de Filologia Catalana compleix el requisit ling\u00fc\u00edstic [<a href=\"http:\/\/www.einesdellengua.com\/Legis\/Arxius\/Requisit\/EP020427.htm\" target=\"_blank\" rel=\"noopener noreferrer\">Arxiu<\/a>]<\/td>\n<td>\n<p class=\"\"><em>2002.04.27<\/em><\/p>\n<\/td>\n<\/tr>\n<tr>\n<td>Segons el conseller Taranc\u00f3n, la llicenciatura en Filologia Catalana no complix el requisit ling\u00fc\u00edstic [<a href=\"http:\/\/www.einesdellengua.com\/Legis\/Arxius\/Requisit\/EP020426.htm\" target=\"_blank\" rel=\"noopener noreferrer\">Arxiu<\/a>]<\/td>\n<td>\n<p class=\"\"><em>2002.04.26<\/em><\/p>\n<\/td>\n<\/tr>\n<tr>\n<td>Els docents tindran una prova de valenci\u00e0 amb car\u00e0cter eliminatori [<a href=\"http:\/\/www.einesdellengua.com\/Legis\/Arxius\/Requisit\/EP020423.htm\" target=\"_blank\" rel=\"noopener noreferrer\">Arxiu<\/a>]<\/td>\n<td>\n<p class=\"\"><em>2002.04.23<\/em><\/p>\n<\/td>\n<\/tr>\n<tr>\n<td>La Conselleria d&#8217;Educaci\u00f3 preveu la implantaci\u00f3 del requisit ling\u00fc\u00edstic en el 2014 [<a href=\"http:\/\/www.einesdellengua.com\/Legis\/Arxius\/Requisit\/EP020220.htm\" target=\"_blank\" rel=\"noopener noreferrer\">Arxiu<\/a>]<\/td>\n<td>\n<p class=\"\"><em>2002.02.20<\/em><\/p>\n<\/td>\n<\/tr>\n<tr>\n<td>L&#8217;STEPV demana canvis en el decret del requisit ling\u00fc\u00edstic [<a href=\"http:\/\/www.einesdellengua.com\/Legis\/Arxius\/Requisit\/EP020214.htm\" target=\"_blank\" rel=\"noopener noreferrer\">Arxiu<\/a>]<\/td>\n<td>\n<p class=\"\"><em>2002.02.14<\/em><\/p>\n<\/td>\n<\/tr>\n<tr>\n<td>Sent\u00e8ncia del TSJ valenci\u00e0 de 16.01.2002 sobre els perfils ling\u00fc\u00edstics a Xixona referits als llocs d&#8217;habilitats nacionals (secretaris i interventors), recurs 1.086\/1996. <a href=\"http:\/\/www.einesdellengua.com\/Legis\/Sentencies\/xixona.htm\" target=\"_blank\" rel=\"noopener noreferrer\">[Arxiu]<\/a><\/td>\n<td>\n<p class=\"\"><em>2002.01.16<\/em><\/p>\n<\/td>\n<\/tr>\n<\/tbody>\n<\/table>\n","protected":false},"excerpt":{"rendered":"<p>M\u00e9s not\u00edcies i dades en el DTL, categoria: \u00abrequisit ling\u00fc\u00edstic\u00bb 2007.04.30 A Burjassot hi ha mancances urgents en el requisit ling\u00fc\u00edstic d&#8217;alguns funcionaris [Arxiu] 2007.02.17 El TSJ valenci\u00e0 torna a validar l&#8217;acreditaci\u00f3 dels coneixements ling\u00fc\u00edstics en les oposicions amb la titulaci\u00f3 de filologia catalana [Arxiu] 2006.11.18 El TSJ valenci\u00e0 troba ben correcte que l&#8217;arquitecte municipal [&hellip;]<\/p>\n","protected":false},"author":56,"featured_media":0,"comment_status":"open","ping_status":"open","sticky":false,"template":"","format":"standard","meta":{"footnotes":""},"categories":[4,47,23,24,26],"tags":[49,50,224],"class_list":["post-3599","post","type-post","status-publish","format-standard","hentry","category-dret","category-planificacio","category-reglaments-linguistics","category-requisit-linguistic","category-serveis-linguistics","tag-administracio-espanyola","tag-administracio-local","tag-generalitat-valenciana"],"_links":{"self":[{"href":"https:\/\/www.cdlpv.org\/dtl\/wp-json\/wp\/v2\/posts\/3599","targetHints":{"allow":["GET"]}}],"collection":[{"href":"https:\/\/www.cdlpv.org\/dtl\/wp-json\/wp\/v2\/posts"}],"about":[{"href":"https:\/\/www.cdlpv.org\/dtl\/wp-json\/wp\/v2\/types\/post"}],"author":[{"embeddable":true,"href":"https:\/\/www.cdlpv.org\/dtl\/wp-json\/wp\/v2\/users\/56"}],"replies":[{"embeddable":true,"href":"https:\/\/www.cdlpv.org\/dtl\/wp-json\/wp\/v2\/comments?post=3599"}],"version-history":[{"count":1,"href":"https:\/\/www.cdlpv.org\/dtl\/wp-json\/wp\/v2\/posts\/3599\/revisions"}],"predecessor-version":[{"id":3600,"href":"https:\/\/www.cdlpv.org\/dtl\/wp-json\/wp\/v2\/posts\/3599\/revisions\/3600"}],"wp:attachment":[{"href":"https:\/\/www.cdlpv.org\/dtl\/wp-json\/wp\/v2\/media?parent=3599"}],"wp:term":[{"taxonomy":"category","embeddable":true,"href":"https:\/\/www.cdlpv.org\/dtl\/wp-json\/wp\/v2\/categories?post=3599"},{"taxonomy":"post_tag","embeddable":true,"href":"https:\/\/www.cdlpv.org\/dtl\/wp-json\/wp\/v2\/tags?post=3599"}],"curies":[{"name":"wp","href":"https:\/\/api.w.org\/{rel}","templated":true}]}}