{"id":357,"date":"2008-04-01T08:52:57","date_gmt":"2008-04-01T07:52:57","guid":{"rendered":"http:\/\/www.cdlpv.org\/dtl\/?p=357"},"modified":"2008-04-01T08:52:57","modified_gmt":"2008-04-01T07:52:57","slug":"convocatoria-de-tecnicca-linguistica-a1-a-la-vila-joiosa","status":"publish","type":"post","link":"https:\/\/www.cdlpv.org\/dtl\/2008\/04\/01\/convocatoria-de-tecnicca-linguistica-a1-a-la-vila-joiosa\/","title":{"rendered":"Convocat\u00f2ria de t\u00e8cnic\/ca ling\u00fc\u00edstica (A1) a la Vila Joiosa"},"content":{"rendered":"<p>Ens informa Ferran Isabel a trav\u00e9s de la llista InfoZ\u00e8fir de la convocat\u00f2ria d&#8217;una oposici\u00f3 lliure per a l\u2019escala d\u2019administraci\u00f3 especial, subescala t\u00e8cnica, classe de t\u00e8cnic superior, corresponent al grup A1 de titulaci\u00f3, pla\u00e7a de t\u00e8cnic\/ca de normalitzaci\u00f3 ling\u00fc\u00edstica:<\/p>\n<blockquote><p>\nConvocat\u00f2ria d&#8217;una pla\u00e7a de t\u00e8cnic\/ca ling\u00fc\u00edstic\/ca a la Vila Joiosa (Marina Baixa)<\/p>\n<p>M\u00e9s dades: <span class=\"versaleta\"><em>bopa<\/em><\/span> 26.03.2008, p\u00e0g. 67 <a href=\"http:\/\/www.dip-alicante.es\/bop2\/pdftotal\/2008\/03\/26-03-08.pdf\" target=\"_blank\"><span class=\"versaleta\">pdf<\/span><\/a>\n<\/p><\/blockquote>\n<p>El tema 11 de l&#8217;oposici\u00f3 \u00e9s sobre el reglament municipal per a la normalitzaci\u00f3 ling\u00fc\u00edstica, document que no sabem si existix realment \u2014no l&#8217;hem trobat al web de l&#8217;ajuntament\u2014, aix\u00ed que convindria demanar-li-ho a la regidora <a href=\"mailto:pepallorca@villajoyosa.com\" target=\"_blank\">Pepa Llorca Llinares<\/a>.<\/p>\n","protected":false},"excerpt":{"rendered":"<p>Ens informa Ferran Isabel a trav\u00e9s de la llista InfoZ\u00e8fir de la convocat\u00f2ria d&#8217;una oposici\u00f3 lliure per a l\u2019escala d\u2019administraci\u00f3 especial, subescala t\u00e8cnica, classe de t\u00e8cnic superior, corresponent al grup A1 de titulaci\u00f3, pla\u00e7a de t\u00e8cnic\/ca de normalitzaci\u00f3 ling\u00fc\u00edstica: Convocat\u00f2ria d&#8217;una pla\u00e7a de t\u00e8cnic\/ca ling\u00fc\u00edstic\/ca a la Vila Joiosa (Marina Baixa) M\u00e9s dades: bopa 26.03.2008, [&hellip;]<\/p>\n","protected":false},"author":2,"featured_media":0,"comment_status":"open","ping_status":"open","sticky":false,"template":"","format":"standard","meta":{"footnotes":""},"categories":[1,15,18],"tags":[230,513],"class_list":["post-357","post","type-post","status-publish","format-standard","hentry","category-general","category-laboral","category-oposicions","tag-grup-a1","tag-vila-joiosa"],"_links":{"self":[{"href":"https:\/\/www.cdlpv.org\/dtl\/wp-json\/wp\/v2\/posts\/357","targetHints":{"allow":["GET"]}}],"collection":[{"href":"https:\/\/www.cdlpv.org\/dtl\/wp-json\/wp\/v2\/posts"}],"about":[{"href":"https:\/\/www.cdlpv.org\/dtl\/wp-json\/wp\/v2\/types\/post"}],"author":[{"embeddable":true,"href":"https:\/\/www.cdlpv.org\/dtl\/wp-json\/wp\/v2\/users\/2"}],"replies":[{"embeddable":true,"href":"https:\/\/www.cdlpv.org\/dtl\/wp-json\/wp\/v2\/comments?post=357"}],"version-history":[{"count":0,"href":"https:\/\/www.cdlpv.org\/dtl\/wp-json\/wp\/v2\/posts\/357\/revisions"}],"wp:attachment":[{"href":"https:\/\/www.cdlpv.org\/dtl\/wp-json\/wp\/v2\/media?parent=357"}],"wp:term":[{"taxonomy":"category","embeddable":true,"href":"https:\/\/www.cdlpv.org\/dtl\/wp-json\/wp\/v2\/categories?post=357"},{"taxonomy":"post_tag","embeddable":true,"href":"https:\/\/www.cdlpv.org\/dtl\/wp-json\/wp\/v2\/tags?post=357"}],"curies":[{"name":"wp","href":"https:\/\/api.w.org\/{rel}","templated":true}]}}