{"id":3544,"date":"2019-08-14T15:30:39","date_gmt":"2019-08-14T14:30:39","guid":{"rendered":"http:\/\/www.cdlpv.org\/dtl\/?p=3544"},"modified":"2019-08-19T09:15:31","modified_gmt":"2019-08-19T08:15:31","slug":"3544","status":"publish","type":"post","link":"https:\/\/www.cdlpv.org\/dtl\/2019\/08\/14\/3544\/","title":{"rendered":"Gandia fa turistes en valenci\u00e0"},"content":{"rendered":"<p>En plenes vacances d&#8217;estiu, a m\u00e9s de la retolaci\u00f3 de les platges i de les amistats que es fan en els festivals de m\u00fasica, tamb\u00e9 hi ha iniciatives per a difondre l&#8217;\u00fas del valenci\u00e0, com ara la campanya que ha promogut l&#8217;Ajuntament de Gandia. Segons podem llegir en el <em>Diari La Veu<\/em> (<a href=\"https:\/\/www.diarilaveu.com\/gandia-inicia-campanya-ensenyar-frases-basiques-valencia-turistes\" target=\"_blank\" rel=\"noopener noreferrer\">06.08.2019<\/a>):<\/p>\n<blockquote>\n<h3>Gandia enceta una campanya per a ensenyar frases b\u00e0siques en valenci\u00e0 als turistes<\/h3>\n<p>La iniciativa pret\u00e9n explicar als visitants que a la localitat hi ha una llengua i unes paraules pr\u00f2pies que s\u00f3n \u00abuna eina de cultura i de diversitat\u00bb<\/p><\/blockquote>\n<p>La iniciativa es concreta en cartells i en <a href=\"http:\/\/www.gandia.es\/aytg\/Web_php\/index.php?contenido=subapartados_woden&amp;id_boto=653\" target=\"_blank\" rel=\"noopener noreferrer\">un web<\/a> que contindran \u00ables principals oracions i paraules que m\u00e9s es fan servir en el dia a dia\u00bb.<\/p>\n<figure style=\"width: 178px\" class=\"wp-caption aligncenter\"><a href=\"http:\/\/www.gandia.es\/aytg\/Web_php\/index.php?contenido=subapartados_woden&amp;id_boto=653\"><img loading=\"lazy\" decoding=\"async\" src=\"http:\/\/www.gandia.es\/aytg\/uploaded\/CULTURA%20EDUCACIO%20I%20JOVENTUT\/CULTURA\/VALENCIA\/PostCerveza.jpg?1564995831326\" alt=\"Nem a fer-se'n una\" width=\"178\" height=\"178\" \/><\/a><figcaption class=\"wp-caption-text\">Un dels cartells de la campanya \u00abGandia en valenci\u00e0\u00bb.<\/figcaption><\/figure>\n","protected":false},"excerpt":{"rendered":"<p>En plenes vacances d&#8217;estiu, a m\u00e9s de la retolaci\u00f3 de les platges i de les amistats que es fan en els festivals de m\u00fasica, tamb\u00e9 hi ha iniciatives per a difondre l&#8217;\u00fas del valenci\u00e0, com ara la campanya que ha promogut l&#8217;Ajuntament de Gandia. Segons podem llegir en el Diari La Veu (06.08.2019): Gandia enceta [&hellip;]<\/p>\n","protected":false},"author":56,"featured_media":0,"comment_status":"open","ping_status":"open","sticky":false,"template":"","format":"standard","meta":{"footnotes":""},"categories":[47,19,26],"tags":[50,85,220],"class_list":["post-3544","post","type-post","status-publish","format-standard","hentry","category-planificacio","category-politica","category-serveis-linguistics","tag-administracio-local","tag-campanyes","tag-gandia"],"_links":{"self":[{"href":"https:\/\/www.cdlpv.org\/dtl\/wp-json\/wp\/v2\/posts\/3544","targetHints":{"allow":["GET"]}}],"collection":[{"href":"https:\/\/www.cdlpv.org\/dtl\/wp-json\/wp\/v2\/posts"}],"about":[{"href":"https:\/\/www.cdlpv.org\/dtl\/wp-json\/wp\/v2\/types\/post"}],"author":[{"embeddable":true,"href":"https:\/\/www.cdlpv.org\/dtl\/wp-json\/wp\/v2\/users\/56"}],"replies":[{"embeddable":true,"href":"https:\/\/www.cdlpv.org\/dtl\/wp-json\/wp\/v2\/comments?post=3544"}],"version-history":[{"count":6,"href":"https:\/\/www.cdlpv.org\/dtl\/wp-json\/wp\/v2\/posts\/3544\/revisions"}],"predecessor-version":[{"id":3550,"href":"https:\/\/www.cdlpv.org\/dtl\/wp-json\/wp\/v2\/posts\/3544\/revisions\/3550"}],"wp:attachment":[{"href":"https:\/\/www.cdlpv.org\/dtl\/wp-json\/wp\/v2\/media?parent=3544"}],"wp:term":[{"taxonomy":"category","embeddable":true,"href":"https:\/\/www.cdlpv.org\/dtl\/wp-json\/wp\/v2\/categories?post=3544"},{"taxonomy":"post_tag","embeddable":true,"href":"https:\/\/www.cdlpv.org\/dtl\/wp-json\/wp\/v2\/tags?post=3544"}],"curies":[{"name":"wp","href":"https:\/\/api.w.org\/{rel}","templated":true}]}}