{"id":354,"date":"2008-03-29T21:25:07","date_gmt":"2008-03-29T20:25:07","guid":{"rendered":"http:\/\/www.cdlpv.org\/dtl\/?p=354"},"modified":"2008-03-29T21:25:07","modified_gmt":"2008-03-29T20:25:07","slug":"la-faena-de-josep-benet","status":"publish","type":"post","link":"https:\/\/www.cdlpv.org\/dtl\/2008\/03\/29\/la-faena-de-josep-benet\/","title":{"rendered":"La faena de Josep Benet"},"content":{"rendered":"<p>En record de la faena de Josep Benet, el professor Jaume Corbera ha fet un <a href=\"http:\/\/www.diaridebalears.cat\/opinio.shtml?-1+6+200334\" target=\"_blank\">recull<\/a> que, entre altres, inclou alguna iniciativa habitual fa anys pel que fa a l&#8217;\u00fas les lleng\u00fces, com ara la que podem observar esta citaci\u00f3:<\/p>\n<blockquote><p>\u00abEl Gobernador civil, prosiguiendo la labor depurativa del separatismo, ha impuesto varias multas a diversos establecimientos de nuestra ciudad que continuaban rotulando sus establecimientos en catal\u00e1n y usando impresos en el mismo dialecto&#8230;\u00bb (p. 301: <em>El Correo Catal\u00e1n<\/em>, Barcelona, 7 d&#8217;octubre de 1939).<\/p><\/blockquote>\n<p>Ni eixa pr\u00e0ctica tan \u00abnormalitzadora\u00bb mdash;que interessar\u00e0 molt a Mariano Rajoy&mdash; ni les altres propostes del recull estan massa lluny de l&#8217;esperit de molts dels qui desitgen mantenir les \u00e0guiles penjades encara en alguns edificis oficials i en els carrers dedicats a destacats contradem\u00f2crates.<\/p>\n","protected":false},"excerpt":{"rendered":"<p>En record de la faena de Josep Benet, el professor Jaume Corbera ha fet un recull que, entre altres, inclou alguna iniciativa habitual fa anys pel que fa a l&#8217;\u00fas les lleng\u00fces, com ara la que podem observar esta citaci\u00f3: \u00abEl Gobernador civil, prosiguiendo la labor depurativa del separatismo, ha impuesto varias multas a diversos [&hellip;]<\/p>\n","protected":false},"author":2,"featured_media":0,"comment_status":"open","ping_status":"open","sticky":false,"template":"","format":"standard","meta":{"footnotes":""},"categories":[36,1],"tags":[],"class_list":["post-354","post","type-post","status-publish","format-standard","hentry","category-allofobia","category-general"],"_links":{"self":[{"href":"https:\/\/www.cdlpv.org\/dtl\/wp-json\/wp\/v2\/posts\/354","targetHints":{"allow":["GET"]}}],"collection":[{"href":"https:\/\/www.cdlpv.org\/dtl\/wp-json\/wp\/v2\/posts"}],"about":[{"href":"https:\/\/www.cdlpv.org\/dtl\/wp-json\/wp\/v2\/types\/post"}],"author":[{"embeddable":true,"href":"https:\/\/www.cdlpv.org\/dtl\/wp-json\/wp\/v2\/users\/2"}],"replies":[{"embeddable":true,"href":"https:\/\/www.cdlpv.org\/dtl\/wp-json\/wp\/v2\/comments?post=354"}],"version-history":[{"count":0,"href":"https:\/\/www.cdlpv.org\/dtl\/wp-json\/wp\/v2\/posts\/354\/revisions"}],"wp:attachment":[{"href":"https:\/\/www.cdlpv.org\/dtl\/wp-json\/wp\/v2\/media?parent=354"}],"wp:term":[{"taxonomy":"category","embeddable":true,"href":"https:\/\/www.cdlpv.org\/dtl\/wp-json\/wp\/v2\/categories?post=354"},{"taxonomy":"post_tag","embeddable":true,"href":"https:\/\/www.cdlpv.org\/dtl\/wp-json\/wp\/v2\/tags?post=354"}],"curies":[{"name":"wp","href":"https:\/\/api.w.org\/{rel}","templated":true}]}}