{"id":353,"date":"2008-03-28T12:29:27","date_gmt":"2008-03-28T11:29:27","guid":{"rendered":"http:\/\/www.cdlpv.org\/dtl\/?p=353"},"modified":"2008-03-28T12:29:27","modified_gmt":"2008-03-28T11:29:27","slug":"la-importancia-de-les-llengues-en-el-mon","status":"publish","type":"post","link":"https:\/\/www.cdlpv.org\/dtl\/2008\/03\/28\/la-importancia-de-les-llengues-en-el-mon\/","title":{"rendered":"La import\u00e0ncia de les lleng\u00fces en el m\u00f3n"},"content":{"rendered":"<p>En el diari <em>El Pa\u00eds<\/em> d&#8217;ahir (<a href=\"http:\/\/www.elpais.com\/diario\/?d_date=20080327\" target=\"_blank\">27.03.2008<\/a> dj.) trobem (p\u00e0g. 21, article de M\u00e1bel Galaz):<\/p>\n<blockquote><p>\nLa princesa d&#8217;Ast\u00faries reb\u00e9 anit una ovaci\u00f3 a Barcelona despr\u00e9s de pronunciar en catal\u00e0 quasi la mitat del seu discurs durant el lliurament dels <span class=\"versaleta\">ix<\/span> Premis de la Fundaci\u00f3 Internacional de Dones Emprenedores, informa Europa Press.\n<\/p><\/blockquote>\n<blockquote class=\"intraesquerre\"><p><em>La import\u00e0ncia del mandar\u00ed<\/em> <br \/><a href='http:\/\/www.cdlpv.org\/dtl\/wp-content\/ep080327.jpg' title='El Pa\u00eds, 27.03.2008' target='_blank'><img src='http:\/\/www.cdlpv.org\/dtl\/wp-content\/ep080327.thumbnail.jpg' alt='El Pa\u00eds, 27.03.2008' \/><\/a><\/p><\/blockquote>\n<p>Podem sentir la ben solvent intervenci\u00f3 de Let\u00edcia en el <a href=\"http:\/\/www.3cat24.cat\/video\/335999\/societat\/Leticia-parla-en-catala-de-les-dones-emprenedores\" target=\"_blank\">v\u00eddeo<\/a> del Telenot\u00edcies Vespre d&#8217;ahir. D&#8217;altra banda, en el mateix diari (p\u00e0g. 37, article d&#8217;Ana Carbajosa) un quadre amb dades sobre la \u00abimport\u00e0ncia internacional de les lleng\u00fces\u00bb [veg. la imatge].<\/p>\n<p>De tot, doncs, ens podem quedar amb la import\u00e0ncia reial del catal\u00e0, que amb una miqueta d&#8217;idea i de voluntat parla qualsevol membre de la nostra societat real i reial. I podem pensar en la import\u00e0ncia relativa de les coses: l&#8217;alemany (89 milions de parlants) \u00e9s tradu\u00eft en 5.077 ocasions; el xin\u00e9s (790 milions), en 216; i l&#8217;espanyol (323 milions), en 933 ocasions.<\/p>\n","protected":false},"excerpt":{"rendered":"<p>En el diari El Pa\u00eds d&#8217;ahir (27.03.2008 dj.) trobem (p\u00e0g. 21, article de M\u00e1bel Galaz): La princesa d&#8217;Ast\u00faries reb\u00e9 anit una ovaci\u00f3 a Barcelona despr\u00e9s de pronunciar en catal\u00e0 quasi la mitat del seu discurs durant el lliurament dels ix Premis de la Fundaci\u00f3 Internacional de Dones Emprenedores, informa Europa Press. La import\u00e0ncia del mandar\u00ed [&hellip;]<\/p>\n","protected":false},"author":2,"featured_media":0,"comment_status":"open","ping_status":"open","sticky":false,"template":"","format":"standard","meta":{"footnotes":""},"categories":[2,10,1,27],"tags":[287,521],"class_list":["post-353","post","type-post","status-publish","format-standard","hentry","category-comunicacio","category-formacio","category-general","category-sociolinguistica","tag-llengues","tag-xines"],"_links":{"self":[{"href":"https:\/\/www.cdlpv.org\/dtl\/wp-json\/wp\/v2\/posts\/353","targetHints":{"allow":["GET"]}}],"collection":[{"href":"https:\/\/www.cdlpv.org\/dtl\/wp-json\/wp\/v2\/posts"}],"about":[{"href":"https:\/\/www.cdlpv.org\/dtl\/wp-json\/wp\/v2\/types\/post"}],"author":[{"embeddable":true,"href":"https:\/\/www.cdlpv.org\/dtl\/wp-json\/wp\/v2\/users\/2"}],"replies":[{"embeddable":true,"href":"https:\/\/www.cdlpv.org\/dtl\/wp-json\/wp\/v2\/comments?post=353"}],"version-history":[{"count":0,"href":"https:\/\/www.cdlpv.org\/dtl\/wp-json\/wp\/v2\/posts\/353\/revisions"}],"wp:attachment":[{"href":"https:\/\/www.cdlpv.org\/dtl\/wp-json\/wp\/v2\/media?parent=353"}],"wp:term":[{"taxonomy":"category","embeddable":true,"href":"https:\/\/www.cdlpv.org\/dtl\/wp-json\/wp\/v2\/categories?post=353"},{"taxonomy":"post_tag","embeddable":true,"href":"https:\/\/www.cdlpv.org\/dtl\/wp-json\/wp\/v2\/tags?post=353"}],"curies":[{"name":"wp","href":"https:\/\/api.w.org\/{rel}","templated":true}]}}