{"id":351,"date":"2008-03-27T13:49:28","date_gmt":"2008-03-27T12:49:28","guid":{"rendered":"http:\/\/www.cdlpv.org\/dtl\/?p=351"},"modified":"2008-03-27T13:49:28","modified_gmt":"2008-03-27T12:49:28","slug":"el-catala-en-lexposicio-de-saragossa","status":"publish","type":"post","link":"https:\/\/www.cdlpv.org\/dtl\/2008\/03\/27\/el-catala-en-lexposicio-de-saragossa\/","title":{"rendered":"El catal\u00e0 en l&#8217;exposici\u00f3 de Saragossa"},"content":{"rendered":"<p>Carles Barrull ens avisa a trav\u00e9s de la llista ICF sobre la informaci\u00f3 seg\u00fcent:<\/p>\n<blockquote><p>\nEmpresa de servicios culturales que presta servicios espec\u00edficos para todo tipo de equipamientos de difusi\u00f3n cultural \u2014museos, producci\u00f3n y gesti\u00f3n de eventos\u2014, ya sean relacionados con tareas de atenci\u00f3n al p\u00fablico o con funciones de gesti\u00f3n interna, aportando equipos adecuadamente cualificados para la realizaci\u00f3n de cada funci\u00f3n, precisa personal para trabajar en pabell\u00f3n de la Exposici\u00f3n Universal 2008, realizando las labores de bienvenida al visitante, informar sobre los contenidos, seguimiento de las diferentes actividades a realizar por el visitante en el pabell\u00f3n.<\/p>\n<p>Se ofrece:<\/p>\n<ul>\n<li>Contrato temporal de junio a septiembre.\n<li>Formaci\u00f3n a cargo de la empresa.\n<li>Horario intensivo de ma\u00f1ana, tarde o fines de semana.\n<\/ul>\n<p>Precisamos:<\/p>\n<ul>\n<li>Formaci\u00f3n superior en Turismo, Historia, Historia del Arte, Humanidades, etc.\n<li>Dominio catal\u00e1n y castellano, conocimientos de otros idiomas ingl\u00e9s o franc\u00e9s preferentemente.\n<li>Experiencia en docencia, actividades culturales, monitores de tiempo libre, etc.\n<li>Personas din\u00e1micas, con un trato al p\u00fablico correcto y amable, con ganas de trabajar en eventos culturales.\n<\/ul>\n<\/blockquote>\n<p>Rastrejant en Internet hem pogut trobar que es tracta d&#8217;una oferta de treball apareguda el 20.03.2008 en <a href=\"http:\/\/zaragoza.loquo.com\/ps\/ofertas-de-trabajo\/att-cliente-teleoperadores\/informadores-de-sala-exposicion-temporal\/160937\" target=\"_blank\">Loquo Zaragoza<\/a>. Es tracta d&#8217;una dada puga ser que a\u00efllada, per\u00f2 esperem que siga un senyal positiu del nivell d&#8217;atenci\u00f3 que podran rebre els catalanoparlants en l&#8217;esdeveniment de Saragossa. A m\u00e9s, \u00e9s una nota positiva pel que fa al valor estrat\u00e8gic [<a href=\"http:\/\/www.cdlpv.org\/dtl\/?p=342\" target=\"_blank\">veg.<\/a> <span class=\"versaleta\"><em>dtl<\/em><\/span>, 19.03.2008] de les lleng\u00fces, del catal\u00e0 en este cas.<\/p>\n","protected":false},"excerpt":{"rendered":"<p>Carles Barrull ens avisa a trav\u00e9s de la llista ICF sobre la informaci\u00f3 seg\u00fcent: Empresa de servicios culturales que presta servicios espec\u00edficos para todo tipo de equipamientos de difusi\u00f3n cultural \u2014museos, producci\u00f3n y gesti\u00f3n de eventos\u2014, ya sean relacionados con tareas de atenci\u00f3n al p\u00fablico o con funciones de gesti\u00f3n interna, aportando equipos adecuadamente cualificados [&hellip;]<\/p>\n","protected":false},"author":2,"featured_media":0,"comment_status":"open","ping_status":"open","sticky":false,"template":"","format":"standard","meta":{"footnotes":""},"categories":[2,7,1,15,24],"tags":[198,429],"class_list":["post-351","post","type-post","status-publish","format-standard","hentry","category-comunicacio","category-empreses","category-general","category-laboral","category-requisit-linguistic","tag-exposicions","tag-saragossa"],"_links":{"self":[{"href":"https:\/\/www.cdlpv.org\/dtl\/wp-json\/wp\/v2\/posts\/351","targetHints":{"allow":["GET"]}}],"collection":[{"href":"https:\/\/www.cdlpv.org\/dtl\/wp-json\/wp\/v2\/posts"}],"about":[{"href":"https:\/\/www.cdlpv.org\/dtl\/wp-json\/wp\/v2\/types\/post"}],"author":[{"embeddable":true,"href":"https:\/\/www.cdlpv.org\/dtl\/wp-json\/wp\/v2\/users\/2"}],"replies":[{"embeddable":true,"href":"https:\/\/www.cdlpv.org\/dtl\/wp-json\/wp\/v2\/comments?post=351"}],"version-history":[{"count":0,"href":"https:\/\/www.cdlpv.org\/dtl\/wp-json\/wp\/v2\/posts\/351\/revisions"}],"wp:attachment":[{"href":"https:\/\/www.cdlpv.org\/dtl\/wp-json\/wp\/v2\/media?parent=351"}],"wp:term":[{"taxonomy":"category","embeddable":true,"href":"https:\/\/www.cdlpv.org\/dtl\/wp-json\/wp\/v2\/categories?post=351"},{"taxonomy":"post_tag","embeddable":true,"href":"https:\/\/www.cdlpv.org\/dtl\/wp-json\/wp\/v2\/tags?post=351"}],"curies":[{"name":"wp","href":"https:\/\/api.w.org\/{rel}","templated":true}]}}