{"id":350,"date":"2008-03-27T09:01:34","date_gmt":"2008-03-27T08:01:34","guid":{"rendered":"http:\/\/www.cdlpv.org\/dtl\/?p=350"},"modified":"2008-03-27T09:01:34","modified_gmt":"2008-03-27T08:01:34","slug":"diplomes-de-castella-a-llengua-estrangera","status":"publish","type":"post","link":"https:\/\/www.cdlpv.org\/dtl\/2008\/03\/27\/diplomes-de-castella-a-llengua-estrangera\/","title":{"rendered":"Diplomes de castell\u00e0 com a llengua estrangera"},"content":{"rendered":"<p>La Secretaria de Pol\u00edtica Ling\u00fc\u00edstica ens envia el <a href=\"http:\/\/www20.gencat.cat\/portal\/site\/Llengcat\/menuitem.08f45c9e3857090e3285bdb1b0c0e1a0\/?vgnextoid=cedaaa22b7103110VgnVCM1000008d0c1e0aRCRD&#038;vgnextchannel=cedaaa22b7103110VgnVCM1000008d0c1e0aRCRD&#038;vgnextfmt=default\" target=\"_blank\">flaix<\/a> seg\u00fcent:<\/p>\n<blockquote>\n<h2>Diplomes de castell\u00e0<\/h2>\n<p>S\u2019ha publicat el  Reial decret 264\/2008, de 22 de febrer, pel qual es modifica el Reial decret 1137\/2002, de 31 d\u2019octubre, pel qual es regulen els diplomes d\u2019espanyol com a llengua estrangera (<span class=\"versaleta\">boe<\/span> n\u00fam. 62, de 12 de mar\u00e7 passat). Els objectius de la modificaci\u00f3 s\u00f3n adaptar-se a la pol\u00edtica ling\u00fc\u00edstica del Consell d\u2019Europa i, en aquest sentit, establir sis nivells de certificaci\u00f3 i, aix\u00ed mateix, tenir en compte l\u2019acord de mar\u00e7 de 2007, signat per l\u2019Institut Cervantes i entitats universit\u00e0ries de tots els pa\u00efsos hispanoamericans, per a la  constituci\u00f3 del Sistema Internacional de Certificaci\u00f3 de l\u2019Espanyol com a Llengua Estrangera <span class=\"versaleta\">(sicele)<\/span>.<\/p>\n<p>Per a m\u00e9s informaci\u00f3: <a href=\"http:\/\/www.boe.es\/g\/es\/bases_datos\/doc.php?coleccion=iberlex&#038;id=2008\/04727&#038;txtlen=1000\" target=\"_blank\"><span class=\"versaleta\">boe<\/span><\/a>\n<\/p><\/blockquote>\n","protected":false},"excerpt":{"rendered":"<p>La Secretaria de Pol\u00edtica Ling\u00fc\u00edstica ens envia el flaix seg\u00fcent: Diplomes de castell\u00e0 S\u2019ha publicat el Reial decret 264\/2008, de 22 de febrer, pel qual es modifica el Reial decret 1137\/2002, de 31 d\u2019octubre, pel qual es regulen els diplomes d\u2019espanyol com a llengua estrangera (boe n\u00fam. 62, de 12 de mar\u00e7 passat). Els objectius [&hellip;]<\/p>\n","protected":false},"author":2,"featured_media":0,"comment_status":"open","ping_status":"open","sticky":false,"template":"","format":"standard","meta":{"footnotes":""},"categories":[4,10,1,35],"tags":[114,147,246],"class_list":["post-350","post","type-post","status-publish","format-standard","hentry","category-dret","category-formacio","category-general","category-unio-europea","tag-consell-deuropa","tag-diplomes","tag-institut-cervantes"],"_links":{"self":[{"href":"https:\/\/www.cdlpv.org\/dtl\/wp-json\/wp\/v2\/posts\/350","targetHints":{"allow":["GET"]}}],"collection":[{"href":"https:\/\/www.cdlpv.org\/dtl\/wp-json\/wp\/v2\/posts"}],"about":[{"href":"https:\/\/www.cdlpv.org\/dtl\/wp-json\/wp\/v2\/types\/post"}],"author":[{"embeddable":true,"href":"https:\/\/www.cdlpv.org\/dtl\/wp-json\/wp\/v2\/users\/2"}],"replies":[{"embeddable":true,"href":"https:\/\/www.cdlpv.org\/dtl\/wp-json\/wp\/v2\/comments?post=350"}],"version-history":[{"count":0,"href":"https:\/\/www.cdlpv.org\/dtl\/wp-json\/wp\/v2\/posts\/350\/revisions"}],"wp:attachment":[{"href":"https:\/\/www.cdlpv.org\/dtl\/wp-json\/wp\/v2\/media?parent=350"}],"wp:term":[{"taxonomy":"category","embeddable":true,"href":"https:\/\/www.cdlpv.org\/dtl\/wp-json\/wp\/v2\/categories?post=350"},{"taxonomy":"post_tag","embeddable":true,"href":"https:\/\/www.cdlpv.org\/dtl\/wp-json\/wp\/v2\/tags?post=350"}],"curies":[{"name":"wp","href":"https:\/\/api.w.org\/{rel}","templated":true}]}}