{"id":3487,"date":"2019-07-10T19:13:05","date_gmt":"2019-07-10T18:13:05","guid":{"rendered":"http:\/\/www.cdlpv.org\/dtl\/?p=3487"},"modified":"2019-08-19T09:26:32","modified_gmt":"2019-08-19T08:26:32","slug":"els-usos-linguistics-del-2018-a-catalunya","status":"publish","type":"post","link":"https:\/\/www.cdlpv.org\/dtl\/2019\/07\/10\/els-usos-linguistics-del-2018-a-catalunya\/","title":{"rendered":"Els usos ling\u00fc\u00edstics del 2018 a Catalunya"},"content":{"rendered":"<p>L&#8217;Institut d&#8217;Estad\u00edstica de Catalunya presenta l&#8217;Enquesta d&#8217;usos ling\u00fc\u00edstics de la poblaci\u00f3 (<a href=\"https:\/\/www.idescat.cat\/pub\/?id=eulp\" target=\"_blank\" rel=\"noopener noreferrer\">EULP<\/a> 2018) amb este titular (consulta: <a href=\"http:\/\/llengua.gencat.cat\/ca\/detalls\/noticia\/Els-percentatges-de-coneixements-de-catala-sacosten-progressivament-als-dabans-de-la-gran-onada-migratoria\" target=\"_blank\" rel=\"noopener noreferrer\">09.07.2019<\/a>):<\/p>\r\n<blockquote>\r\n<h5>Els percentatges de coneixements de catal\u00e0 s&#8217;acosten progressivament als d&#8217;abans de la gran onada migrat\u00f2ria<\/h5>\r\n<p>En els darrers cinc anys, ha augmentat en 400.000 el nombre de persones que saben escriure en catal\u00e0, en 300.000 les que el saben llegir, en 160.000 les que el saben parlar i en 128.000 les que l&#8217;entenen<\/p>\r\n<\/blockquote>\r\n<p>L&#8217;enquesta mostra que els acostaments als usos ling\u00fc\u00edstics en Catalunya tenen sempre una possible lectura positiva (tal com exemplifica Gerard E. Mur en \u00abMillora el coneixement del catal\u00e0, per\u00f2 no el seu \u00fas habitual; <em>N\u00favol<\/em>, <a href=\"https:\/\/www.nuvol.com\/noticies\/millora-el-coneixement-del-catala-pero-no-el-seu-us-habitual\/\" target=\"_blank\" rel=\"noopener noreferrer\">09.07.2019<\/a>). Per contra, tenim la sensaci\u00f3 que no deixa de ser la mostra d&#8217;una resist\u00e8ncia m\u00e9s o menys gratificant davant d&#8217;un estat espanyol que continua proposant un monoling\u00fcisme espanyol predemocr\u00e0tic i sense articular cap eix pluriling\u00fc\u00edstic que conforme els seus trets pol\u00edtics, socials, culturals o econ\u00f2mics.<\/p>\r\n\r\n\r\n","protected":false},"excerpt":{"rendered":"<p>L&#8217;Institut d&#8217;Estad\u00edstica de Catalunya presenta l&#8217;Enquesta d&#8217;usos ling\u00fc\u00edstics de la poblaci\u00f3 (EULP 2018) amb este titular (consulta: 09.07.2019): Els percentatges de coneixements de catal\u00e0 s&#8217;acosten progressivament als d&#8217;abans de la gran onada migrat\u00f2ria En els darrers cinc anys, ha augmentat en 400.000 el nombre de persones que saben escriure en catal\u00e0, en 300.000 les que [&hellip;]<\/p>\n","protected":false},"author":56,"featured_media":0,"comment_status":"open","ping_status":"open","sticky":false,"template":"","format":"standard","meta":{"footnotes":""},"categories":[3,47,27],"tags":[177],"class_list":["post-3487","post","type-post","status-publish","format-standard","hentry","category-documentacio","category-planificacio","category-sociolinguistica","tag-enquestes"],"_links":{"self":[{"href":"https:\/\/www.cdlpv.org\/dtl\/wp-json\/wp\/v2\/posts\/3487","targetHints":{"allow":["GET"]}}],"collection":[{"href":"https:\/\/www.cdlpv.org\/dtl\/wp-json\/wp\/v2\/posts"}],"about":[{"href":"https:\/\/www.cdlpv.org\/dtl\/wp-json\/wp\/v2\/types\/post"}],"author":[{"embeddable":true,"href":"https:\/\/www.cdlpv.org\/dtl\/wp-json\/wp\/v2\/users\/56"}],"replies":[{"embeddable":true,"href":"https:\/\/www.cdlpv.org\/dtl\/wp-json\/wp\/v2\/comments?post=3487"}],"version-history":[{"count":6,"href":"https:\/\/www.cdlpv.org\/dtl\/wp-json\/wp\/v2\/posts\/3487\/revisions"}],"predecessor-version":[{"id":3498,"href":"https:\/\/www.cdlpv.org\/dtl\/wp-json\/wp\/v2\/posts\/3487\/revisions\/3498"}],"wp:attachment":[{"href":"https:\/\/www.cdlpv.org\/dtl\/wp-json\/wp\/v2\/media?parent=3487"}],"wp:term":[{"taxonomy":"category","embeddable":true,"href":"https:\/\/www.cdlpv.org\/dtl\/wp-json\/wp\/v2\/categories?post=3487"},{"taxonomy":"post_tag","embeddable":true,"href":"https:\/\/www.cdlpv.org\/dtl\/wp-json\/wp\/v2\/tags?post=3487"}],"curies":[{"name":"wp","href":"https:\/\/api.w.org\/{rel}","templated":true}]}}