{"id":348,"date":"2008-03-25T14:46:24","date_gmt":"2008-03-25T13:46:24","guid":{"rendered":"http:\/\/www.cdlpv.org\/dtl\/?p=348"},"modified":"2008-03-25T14:46:24","modified_gmt":"2008-03-25T13:46:24","slug":"xiii-jornada-de-sociolinguistica-dalcoi-2","status":"publish","type":"post","link":"https:\/\/www.cdlpv.org\/dtl\/2008\/03\/25\/xiii-jornada-de-sociolinguistica-dalcoi-2\/","title":{"rendered":"XIII Jornada de Socioling\u00fc\u00edstica d&#8217;Alcoi"},"content":{"rendered":"<p>El CAV UPV Alcoi ens envia la informaci\u00f3 seg\u00fcent:<\/p>\n<blockquote>\n<h2>XIII JORNADA DE SOCIOLING\u00dc\u00cdSTICA D&#8217;ALCOI<\/h2>\n<h3>La UPV Alcoi acollir\u00e0 el 5 d&#8217;abril aquesta jornada, que analitzar\u00e0 la planificaci\u00f3 ling\u00fc\u00edstica.<\/h3>\n<p>Dissabte 5 d&#8217;abril de 2008 la UPV Alcoi acollir\u00e0 la XIII Jornada de Socioling\u00fc\u00edstica d&#8217;Alcoi. Enguany, porta per t\u00edtol \u00abLa planificaci\u00f3 ling\u00fc\u00edstica a Espanya i Europa. XXV anys de la Llei d\u2019\u00das i Ensenyament del Valenci\u00e0\u00bb.<\/p>\n<p>En el marc d&#8217;aquesta jornada s&#8217;analitz\u00e0 la planificaci\u00f3 ling\u00fc\u00edstica del valenci\u00e0 i d&#8217;altres lleng\u00fces en l&#8217;any del XXV aniversari de la Llei d&#8217;\u00das i Ensenyament del Valenci\u00e0. Comptarem amb la pres\u00e8ncia d&#8217;importants estudiosos i socioling\u00fcistes.<\/p>\n<p>Aix\u00ed, la jornada s&#8217;iniciar\u00e0 amb les pon\u00e8ncies de Rafael L. Ninyoles (soci\u00f2leg) i Llu\u00eds Aguil\u00f3 (Acad\u00e8mia Valenciana de la Llengua), que parlaran sobre la Llei d&#8217;\u00das i Ensenyament del Valenci\u00e0.<\/p>\n<p>Posteriorment, tindr\u00e0 lloc una taula redona, en qu\u00e8 es parlar\u00e0 de la situaci\u00f3 jur\u00eddica i les mesures de foment de l&#8217;\u00fas en diverses comunitats aut\u00f2nomes amb llengua pr\u00f2pia. En aquesta taula participaran Rafael L. Ninyoles, soci\u00f2leg; Joan Meli\u00e0, de la Universitat de les Illes Balears; Paula Casares, de la Universitat P\u00fablica de Navarra, i Mar\u00eda Pilar Garc\u00eda Negro, de la Universitat de la Corunya.<\/p>\n<p>A la vesprada, Miquel Strubell, de la Universitat Oberta de Catalunya, parlar\u00e0 sobre el multiling\u00fcisme a Europa.<\/p>\n<p>La jornada finalitzar\u00e0 amb l\u2019actuaci\u00f3 de Lloren\u00e7 Gim\u00e9nez com una activitat ludicoreflexiva sobre la Llei d\u2019\u00das i Ensenyament del Valenci\u00e0.<\/p>\n<p>La jornada ha estat organitzada per l&#8217;Acad\u00e8mia Valenciana de la Llengua, l&#8217;Institut d&#8217;Estudis Catalans (Delegaci\u00f3 d&#8217;Alacant), la Universitat Polit\u00e8cnica de Val\u00e8ncia, la Coordinadora de l&#8217;Alcoi\u00e0 i el Comtat pel Valenci\u00e0 i el Centre Ovidi Montllor d&#8217;Alcoi. Tamb\u00e9 compta amb el suport de l&#8217;Ajuntament d&#8217;Alcoi.<\/p>\n<p>La inscripci\u00f3 t\u00e9 un cost de 25 \u20ac, i inclou la matr\u00edcula, la documentaci\u00f3, el certificat d&#8217;assist\u00e8ncia, l\u2019esmorzar i el dinar.<\/p>\n<p>A l&#8217;enlla\u00e7 inferior podeu trobar un fitxer pdf amb el programa. Tamb\u00e9 podeu incriure-us a trav\u00e9s de l&#8217;enlla\u00e7 inferior.<\/p>\n<p>M\u00e9s informaci\u00f3:<\/p>\n<p>Universitat Polit\u00e8cnica de Val\u00e8ncia<br \/>\nCampus d&#8217;Alcoi<\/p>\n<p>\u00c0rea de Promoci\u00f3 i Normalitzaci\u00f3 Ling\u00fc\u00edstica<\/p>\n<p>Centre de Formaci\u00f3 Permanent<br \/>\n96 652 84 84 &#8211; <a href=\"mailto:cfpalcoi@cfp.upv.es\" target=\"_blank\">cfpalcoi@cfp.upv.es<\/a><\/p>\n<p><strong>M\u00e9s informaci\u00f3:<\/strong><br \/>\n<a href=\"http:\/\/www.cfp.upv.es\/cfp-posei2-web\/inicio\/curso_datos.jsp?idioma=es&#038;cid=17429&#038;\" target=\"_blank\">Matr\u00edcula en l\u00ednia<\/a><\/p>\n<p><strong>Documentaci\u00f3 annexa:<\/strong><br \/>\n<a href=\"http:\/\/www.epsa.upv.es\/anexos\/PROGRAMA.pdf\" target=\"_blank\">Programa <span class=\"versaleta\">[pdf]<\/span><\/a>\n<\/p><\/blockquote>\n","protected":false},"excerpt":{"rendered":"<p>El CAV UPV Alcoi ens envia la informaci\u00f3 seg\u00fcent: XIII JORNADA DE SOCIOLING\u00dc\u00cdSTICA D&#8217;ALCOI La UPV Alcoi acollir\u00e0 el 5 d&#8217;abril aquesta jornada, que analitzar\u00e0 la planificaci\u00f3 ling\u00fc\u00edstica. Dissabte 5 d&#8217;abril de 2008 la UPV Alcoi acollir\u00e0 la XIII Jornada de Socioling\u00fc\u00edstica d&#8217;Alcoi. Enguany, porta per t\u00edtol \u00abLa planificaci\u00f3 ling\u00fc\u00edstica a Espanya i Europa. XXV [&hellip;]<\/p>\n","protected":false},"author":2,"featured_media":0,"comment_status":"open","ping_status":"open","sticky":false,"template":"","format":"standard","meta":{"footnotes":""},"categories":[2,10,1,27],"tags":[56,258],"class_list":["post-348","post","type-post","status-publish","format-standard","hentry","category-comunicacio","category-formacio","category-general","category-sociolinguistica","tag-alcoi","tag-jornades"],"_links":{"self":[{"href":"https:\/\/www.cdlpv.org\/dtl\/wp-json\/wp\/v2\/posts\/348","targetHints":{"allow":["GET"]}}],"collection":[{"href":"https:\/\/www.cdlpv.org\/dtl\/wp-json\/wp\/v2\/posts"}],"about":[{"href":"https:\/\/www.cdlpv.org\/dtl\/wp-json\/wp\/v2\/types\/post"}],"author":[{"embeddable":true,"href":"https:\/\/www.cdlpv.org\/dtl\/wp-json\/wp\/v2\/users\/2"}],"replies":[{"embeddable":true,"href":"https:\/\/www.cdlpv.org\/dtl\/wp-json\/wp\/v2\/comments?post=348"}],"version-history":[{"count":0,"href":"https:\/\/www.cdlpv.org\/dtl\/wp-json\/wp\/v2\/posts\/348\/revisions"}],"wp:attachment":[{"href":"https:\/\/www.cdlpv.org\/dtl\/wp-json\/wp\/v2\/media?parent=348"}],"wp:term":[{"taxonomy":"category","embeddable":true,"href":"https:\/\/www.cdlpv.org\/dtl\/wp-json\/wp\/v2\/categories?post=348"},{"taxonomy":"post_tag","embeddable":true,"href":"https:\/\/www.cdlpv.org\/dtl\/wp-json\/wp\/v2\/tags?post=348"}],"curies":[{"name":"wp","href":"https:\/\/api.w.org\/{rel}","templated":true}]}}