{"id":3477,"date":"2019-06-19T12:30:42","date_gmt":"2019-06-19T11:30:42","guid":{"rendered":"http:\/\/www.cdlpv.org\/dtl\/?p=3477"},"modified":"2019-06-29T11:38:36","modified_gmt":"2019-06-29T10:38:36","slug":"catedra-drets","status":"publish","type":"post","link":"https:\/\/www.cdlpv.org\/dtl\/2019\/06\/19\/catedra-drets\/","title":{"rendered":"La c\u00e0tedra dels drets ling\u00fc\u00edstics"},"content":{"rendered":"<p>Les accions per a impulsar en l&#8217;administraci\u00f3 p\u00fablica una gesti\u00f3 ling\u00fc\u00edstica m\u00e9s concreta, progressista i efectiva que fins ara, tant per als funcionaris com per al funcionament dels serveis i de l&#8217;atenci\u00f3 als ciutadans, sovint han segut m\u00e9s conseq\u00fc\u00e8ncia de desitjos i il\u00b7lusions que de planificacions fonamentades, programades, comprovades i revisades. Sembla que comencen a pensar en alguna altra cosa en l&#8217;administraci\u00f3 valenciana <em>(Diari La<\/em> Veu, <a href=\"https:\/\/www.diarilaveu.com\/educacio-i-universitat-de-valencia-signen-conveni-creacio-catedra-de-drets-linguistics\">10.06.2018<\/a>):<\/p>\n<blockquote><p><strong><em>Educaci\u00f3 i la Universitat de Val\u00e8ncia signen el conveni per a la creaci\u00f3 de la C\u00e0tedra de Drets Ling\u00fc\u00edstics<\/em><\/strong><\/p><\/blockquote>\n<p>Segur que era ben necessari disposar de tot el cabal d&#8217;estudi i reflexi\u00f3 que promet l&#8217;exist\u00e8ncia d&#8217;eixa c\u00e0tedra. En tot cas, mentrestant arriben els estudis, la Generalitat valenciana i totes les administracions p\u00fabliques valencianes haurien de poder atendre els estudis que ja s&#8217;han fet (que haurien de servir per a alguna cosa m\u00e9s que per a omplir bibliografies o per a idear una <a href=\"http:\/\/www.cdlpv.org\/dtl\/2019\/01\/16\/nhi-ha-que-naixen-burocratitzats\/\" target=\"_blank\" rel=\"noopener\">Oficina de Drets Ling\u00fc\u00edstics<\/a> i convertir-la en un altre entrebanc burocr\u00e0tic), a m\u00e9s de provar a evitar que hajam d&#8217;estar peri\u00f2dicament repetint les mateixes queixes al <a href=\"http:\/\/www.cdlpv.org\/dtl\/?page_id=2784\" target=\"_blank\" rel=\"noopener\">S\u00edndic de Greuges<\/a>.<\/p>\n","protected":false},"excerpt":{"rendered":"<p>Les accions per a impulsar en l&#8217;administraci\u00f3 p\u00fablica una gesti\u00f3 ling\u00fc\u00edstica m\u00e9s concreta, progressista i efectiva que fins ara, tant per als funcionaris com per al funcionament dels serveis i de l&#8217;atenci\u00f3 als ciutadans, sovint han segut m\u00e9s conseq\u00fc\u00e8ncia de desitjos i il\u00b7lusions que de planificacions fonamentades, programades, comprovades i revisades. Sembla que comencen a [&hellip;]<\/p>\n","protected":false},"author":56,"featured_media":0,"comment_status":"open","ping_status":"open","sticky":false,"template":"","format":"standard","meta":{"footnotes":""},"categories":[4,10,47,19,26],"tags":[495],"class_list":["post-3477","post","type-post","status-publish","format-standard","hentry","category-dret","category-formacio","category-planificacio","category-politica","category-serveis-linguistics","tag-universitat-de-valencia"],"_links":{"self":[{"href":"https:\/\/www.cdlpv.org\/dtl\/wp-json\/wp\/v2\/posts\/3477","targetHints":{"allow":["GET"]}}],"collection":[{"href":"https:\/\/www.cdlpv.org\/dtl\/wp-json\/wp\/v2\/posts"}],"about":[{"href":"https:\/\/www.cdlpv.org\/dtl\/wp-json\/wp\/v2\/types\/post"}],"author":[{"embeddable":true,"href":"https:\/\/www.cdlpv.org\/dtl\/wp-json\/wp\/v2\/users\/56"}],"replies":[{"embeddable":true,"href":"https:\/\/www.cdlpv.org\/dtl\/wp-json\/wp\/v2\/comments?post=3477"}],"version-history":[{"count":4,"href":"https:\/\/www.cdlpv.org\/dtl\/wp-json\/wp\/v2\/posts\/3477\/revisions"}],"predecessor-version":[{"id":3485,"href":"https:\/\/www.cdlpv.org\/dtl\/wp-json\/wp\/v2\/posts\/3477\/revisions\/3485"}],"wp:attachment":[{"href":"https:\/\/www.cdlpv.org\/dtl\/wp-json\/wp\/v2\/media?parent=3477"}],"wp:term":[{"taxonomy":"category","embeddable":true,"href":"https:\/\/www.cdlpv.org\/dtl\/wp-json\/wp\/v2\/categories?post=3477"},{"taxonomy":"post_tag","embeddable":true,"href":"https:\/\/www.cdlpv.org\/dtl\/wp-json\/wp\/v2\/tags?post=3477"}],"curies":[{"name":"wp","href":"https:\/\/api.w.org\/{rel}","templated":true}]}}