{"id":347,"date":"2008-03-25T14:30:50","date_gmt":"2008-03-25T13:30:50","guid":{"rendered":"http:\/\/www.cdlpv.org\/dtl\/?p=347"},"modified":"2008-03-25T14:30:50","modified_gmt":"2008-03-25T13:30:50","slug":"despesa-en-politica-linguistica-5","status":"publish","type":"post","link":"https:\/\/www.cdlpv.org\/dtl\/2008\/03\/25\/despesa-en-politica-linguistica-5\/","title":{"rendered":"Despesa en pol\u00edtica ling\u00fc\u00edstica (5)"},"content":{"rendered":"<p>Parl\u00e0vem pel febrer de la partida que el pressupost de la Generalitat valenciana dedicava a ajudes als ajuntaments pel que fa al foment de l&#8217;\u00fas del valenci\u00e0 (veg. <a href=\"http:\/\/www.cdlpv.org\/dtl\/?p=316\" target=\"_blank\"><span class=\"versaleta\"><em>dtl<\/em><\/span><\/a>). D\u00e9iem que hi havia 460.000 euros per al 2008, per\u00f2 un company atent a estes q\u00fcestions ens va avisar que l&#8217;ordre amb qu\u00e8 s&#8217;obria la convocat\u00f2ria per a demanar les ajudes fixava l&#8217;import total en 450.000 euros. Vam fer la consulta a Vicent Satorres Calabuig, cap de l&#8217;\u00c0rea de Pol\u00edtica Ling\u00fc\u00edstica de la Conselleria d&#8217;Educaci\u00f3, que ens va atendre i ens va dir:<\/p>\n<blockquote><p>\nEfectivament, la l\u00ednia de subvencions per a ajuntaments t\u00e9 460.000 &euro; i hem preparat una orde complement\u00e0ria per a poder resoldre la l\u00ednia completa.\n<\/p><\/blockquote>\n<p>Aix\u00ed que sembla que es mantindr\u00e0 la quantitat pressupostada per a eixa q\u00fcesti\u00f3.<\/p>\n","protected":false},"excerpt":{"rendered":"<p>Parl\u00e0vem pel febrer de la partida que el pressupost de la Generalitat valenciana dedicava a ajudes als ajuntaments pel que fa al foment de l&#8217;\u00fas del valenci\u00e0 (veg. dtl). D\u00e9iem que hi havia 460.000 euros per al 2008, per\u00f2 un company atent a estes q\u00fcestions ens va avisar que l&#8217;ordre amb qu\u00e8 s&#8217;obria la convocat\u00f2ria [&hellip;]<\/p>\n","protected":false},"author":2,"featured_media":0,"comment_status":"open","ping_status":"open","sticky":false,"template":"","format":"standard","meta":{"footnotes":""},"categories":[1,47,21,28],"tags":[108,141,252,383],"class_list":["post-347","post","type-post","status-publish","format-standard","hentry","category-general","category-planificacio","category-pressuposts","category-subvencions","tag-comparativa","tag-despesa","tag-inversio","tag-pressupost"],"_links":{"self":[{"href":"https:\/\/www.cdlpv.org\/dtl\/wp-json\/wp\/v2\/posts\/347","targetHints":{"allow":["GET"]}}],"collection":[{"href":"https:\/\/www.cdlpv.org\/dtl\/wp-json\/wp\/v2\/posts"}],"about":[{"href":"https:\/\/www.cdlpv.org\/dtl\/wp-json\/wp\/v2\/types\/post"}],"author":[{"embeddable":true,"href":"https:\/\/www.cdlpv.org\/dtl\/wp-json\/wp\/v2\/users\/2"}],"replies":[{"embeddable":true,"href":"https:\/\/www.cdlpv.org\/dtl\/wp-json\/wp\/v2\/comments?post=347"}],"version-history":[{"count":0,"href":"https:\/\/www.cdlpv.org\/dtl\/wp-json\/wp\/v2\/posts\/347\/revisions"}],"wp:attachment":[{"href":"https:\/\/www.cdlpv.org\/dtl\/wp-json\/wp\/v2\/media?parent=347"}],"wp:term":[{"taxonomy":"category","embeddable":true,"href":"https:\/\/www.cdlpv.org\/dtl\/wp-json\/wp\/v2\/categories?post=347"},{"taxonomy":"post_tag","embeddable":true,"href":"https:\/\/www.cdlpv.org\/dtl\/wp-json\/wp\/v2\/tags?post=347"}],"curies":[{"name":"wp","href":"https:\/\/api.w.org\/{rel}","templated":true}]}}