{"id":3462,"date":"2019-04-24T20:30:52","date_gmt":"2019-04-24T19:30:52","guid":{"rendered":"http:\/\/www.cdlpv.org\/dtl\/?p=3462"},"modified":"2019-04-28T18:44:18","modified_gmt":"2019-04-28T17:44:18","slug":"pinzellada-audiovisual-sobre-pompeu-fabra","status":"publish","type":"post","link":"https:\/\/www.cdlpv.org\/dtl\/2019\/04\/24\/pinzellada-audiovisual-sobre-pompeu-fabra\/","title":{"rendered":"Pinzellada audiovisual sobre Pompeu Fabra"},"content":{"rendered":"<figure style=\"width: 326px\" class=\"wp-caption alignright\"><a href=\"https:\/\/www.ccma.cat\/tv3\/alacarta\/sense-ficcio\/fabra-diccionari-dun-home-sense-biografia-miro-contra-miro\/video\/5845266\/\"><img loading=\"lazy\" decoding=\"async\" class=\"size-medium\" src=\"https:\/\/statics.ccma.cat\/multimedia\/jpg\/6\/2\/1556034687726.jpg\" alt=\"Fabra, diccionari d'un home sense biografia.\" width=\"326\" height=\"184\" \/><\/a><figcaption class=\"wp-caption-text\">Fabra, diccionari d&#8217;un home sense biografia. TV3, 23.04.2019.<\/figcaption><\/figure>\n<p>&nbsp;<\/p>\n<p>L&#8217;espai Sense Ficci\u00f3 de <span class=\"versaleta\">tv3<\/span> va emetre el 23.04.2019 un documental sobre que d\u00f3na una visi\u00f3 de conjunt de la vida i la influ\u00e8ncia i import\u00e0ncia p\u00fabliques de l&#8217;obra de Pompeu Fabra: <em><a href=\"https:\/\/www.ccma.cat\/tv3\/alacarta\/sense-ficcio\/fabra-diccionari-dun-home-sense-biografia\/video\/5845287\/\" target=\"_blank\" rel=\"noopener\">Fabra, diccionari d&#8217;un home sense biografia<\/a>.<\/em> Segons el web del programa:<\/p>\n<blockquote><p>Documental que parla de llengua, de comprom\u00eds i de 80 anys cabdals de la hist\u00f2ria de Catalunya. I ho fa trav\u00e9s de la vida d&#8217;un personatge irrepetible: Pompeu Fabra, el pare del catal\u00e0 modern.<\/p><\/blockquote>\n<p>La conducci\u00f3 (i part del gui\u00f3) \u00e9s de M\u00e0rius Serra, que entrevista Mila Segarra, Jordi Ginebra, Enric Gom\u00e0, Vicen\u00e7 Pag\u00e8s i altres experts en la vida i l&#8217;obra del gram\u00e0tic.<\/p>\n","protected":false},"excerpt":{"rendered":"<p>&nbsp; L&#8217;espai Sense Ficci\u00f3 de tv3 va emetre el 23.04.2019 un documental sobre que d\u00f3na una visi\u00f3 de conjunt de la vida i la influ\u00e8ncia i import\u00e0ncia p\u00fabliques de l&#8217;obra de Pompeu Fabra: Fabra, diccionari d&#8217;un home sense biografia. Segons el web del programa: Documental que parla de llengua, de comprom\u00eds i de 80 anys [&hellip;]<\/p>\n","protected":false},"author":56,"featured_media":0,"comment_status":"open","ping_status":"open","sticky":false,"template":"","format":"standard","meta":{"footnotes":""},"categories":[10,16,17,22,27,34],"tags":[465],"class_list":["post-3462","post","type-post","status-publish","format-standard","hentry","category-formacio","category-lexicografia","category-normativa","category-recerca","category-sociolinguistica","category-tv3","tag-televisio"],"_links":{"self":[{"href":"https:\/\/www.cdlpv.org\/dtl\/wp-json\/wp\/v2\/posts\/3462","targetHints":{"allow":["GET"]}}],"collection":[{"href":"https:\/\/www.cdlpv.org\/dtl\/wp-json\/wp\/v2\/posts"}],"about":[{"href":"https:\/\/www.cdlpv.org\/dtl\/wp-json\/wp\/v2\/types\/post"}],"author":[{"embeddable":true,"href":"https:\/\/www.cdlpv.org\/dtl\/wp-json\/wp\/v2\/users\/56"}],"replies":[{"embeddable":true,"href":"https:\/\/www.cdlpv.org\/dtl\/wp-json\/wp\/v2\/comments?post=3462"}],"version-history":[{"count":4,"href":"https:\/\/www.cdlpv.org\/dtl\/wp-json\/wp\/v2\/posts\/3462\/revisions"}],"predecessor-version":[{"id":3467,"href":"https:\/\/www.cdlpv.org\/dtl\/wp-json\/wp\/v2\/posts\/3462\/revisions\/3467"}],"wp:attachment":[{"href":"https:\/\/www.cdlpv.org\/dtl\/wp-json\/wp\/v2\/media?parent=3462"}],"wp:term":[{"taxonomy":"category","embeddable":true,"href":"https:\/\/www.cdlpv.org\/dtl\/wp-json\/wp\/v2\/categories?post=3462"},{"taxonomy":"post_tag","embeddable":true,"href":"https:\/\/www.cdlpv.org\/dtl\/wp-json\/wp\/v2\/tags?post=3462"}],"curies":[{"name":"wp","href":"https:\/\/api.w.org\/{rel}","templated":true}]}}