{"id":346,"date":"2008-03-24T20:05:10","date_gmt":"2008-03-24T19:05:10","guid":{"rendered":"http:\/\/www.cdlpv.org\/dtl\/?p=346"},"modified":"2008-03-24T20:05:10","modified_gmt":"2008-03-24T19:05:10","slug":"la-llengua-de-les-multes-europees","status":"publish","type":"post","link":"https:\/\/www.cdlpv.org\/dtl\/2008\/03\/24\/la-llengua-de-les-multes-europees\/","title":{"rendered":"La llengua de les multes europees"},"content":{"rendered":"<p>El diari <i>El Pa\u00eds<\/i> (<a title=\"20.12.2008\" target=\"_blank\" href=\"http:\/\/www.elpais.com\/articulo\/espana\/multa\/paga\/Malta\/elpepiesp\/20080320elpepinac_20\/Tes\" target=\"_blank\">20.12.2008<\/a> dj.) portava una not\u00edcia, \u00abEsta multa es paga, ac\u00ed o a Malta\u00bb, que tenia un trosset que haurem de tindre en compte segurament en el futur:<\/p>\n<blockquote><p>En la proposta de Brussel\u00b7les, que espera implantar en dos anys, tamb\u00e9 s&#8217;inclou un  model europeu de notificaci\u00f3, que ser\u00e0 tram\u00e9s al propietari del vehicle en l&#8217;idioma del seu pa\u00eds de resid\u00e8ncia.<\/p><\/blockquote>\n<p>Espere que Elsa Granda, la periodista, no haja acabat de transmetre correctament la intenci\u00f3 de la Comissi\u00f3 Europea i que esta instituci\u00f3 tinga m\u00e9s aviat en compte les lleng\u00fces oficials del \u00abpa\u00eds\u00bb de resid\u00e8ncia o les lleng\u00fces dels ciutadans afectats.<\/p>\n","protected":false},"excerpt":{"rendered":"<p>El diari El Pa\u00eds (20.12.2008 dj.) portava una not\u00edcia, \u00abEsta multa es paga, ac\u00ed o a Malta\u00bb, que tenia un trosset que haurem de tindre en compte segurament en el futur: En la proposta de Brussel\u00b7les, que espera implantar en dos anys, tamb\u00e9 s&#8217;inclou un model europeu de notificaci\u00f3, que ser\u00e0 tram\u00e9s al propietari del [&hellip;]<\/p>\n","protected":false},"author":2,"featured_media":0,"comment_status":"open","ping_status":"open","sticky":false,"template":"","format":"standard","meta":{"footnotes":""},"categories":[1,35],"tags":[107,320],"class_list":["post-346","post","type-post","status-publish","format-standard","hentry","category-general","category-unio-europea","tag-comissio-europea","tag-multes"],"_links":{"self":[{"href":"https:\/\/www.cdlpv.org\/dtl\/wp-json\/wp\/v2\/posts\/346","targetHints":{"allow":["GET"]}}],"collection":[{"href":"https:\/\/www.cdlpv.org\/dtl\/wp-json\/wp\/v2\/posts"}],"about":[{"href":"https:\/\/www.cdlpv.org\/dtl\/wp-json\/wp\/v2\/types\/post"}],"author":[{"embeddable":true,"href":"https:\/\/www.cdlpv.org\/dtl\/wp-json\/wp\/v2\/users\/2"}],"replies":[{"embeddable":true,"href":"https:\/\/www.cdlpv.org\/dtl\/wp-json\/wp\/v2\/comments?post=346"}],"version-history":[{"count":0,"href":"https:\/\/www.cdlpv.org\/dtl\/wp-json\/wp\/v2\/posts\/346\/revisions"}],"wp:attachment":[{"href":"https:\/\/www.cdlpv.org\/dtl\/wp-json\/wp\/v2\/media?parent=346"}],"wp:term":[{"taxonomy":"category","embeddable":true,"href":"https:\/\/www.cdlpv.org\/dtl\/wp-json\/wp\/v2\/categories?post=346"},{"taxonomy":"post_tag","embeddable":true,"href":"https:\/\/www.cdlpv.org\/dtl\/wp-json\/wp\/v2\/tags?post=346"}],"curies":[{"name":"wp","href":"https:\/\/api.w.org\/{rel}","templated":true}]}}